{"id":43064,"date":"2022-07-02T17:51:13","date_gmt":"2022-07-02T22:51:13","guid":{"rendered":"https:\/\/www.zonaroja.com.mx\/?p=43064"},"modified":"2022-07-02T17:55:09","modified_gmt":"2022-07-02T22:55:09","slug":"suman-tres-oaxaquenos-fallecidos-en-trailer-de-la-muerte-en-texas","status":"publish","type":"post","link":"https:\/\/zonaroja.com.mx\/?p=43064","title":{"rendered":"Suman tres oaxaque\u00f1os fallecidos en \u201ctr\u00e1iler de la muerte\u201d en Texas"},"content":{"rendered":"\n<p>Redacci\u00f3n\/Zona Roja.&nbsp;<\/p>\n\n\n\n<p>Oaxaca de Ju\u00e1rez, Oax. 2 de julio de 2022.-&nbsp; Suman tres oaxaque\u00f1os fallecidos en el tr\u00e1iler abandonado en San Antonio, Texas, Estados Unidos, confirm\u00f3 hoy el&nbsp;Gobierno del Estado, a trav\u00e9s del Instituto Oaxaque\u00f1o de Atenci\u00f3n al Migrante (IOAM).<\/p>\n\n\n\n<p>La directora del organismo,&nbsp;Aida Ruiz Garc\u00eda, detall\u00f3, que autoridades federales, les informaron del deceso de&nbsp;dos paisanos m\u00e1s, uno&nbsp;originario de la regi\u00f3n de la Mixteca y uno m\u00e1s de la Cuenca del Papaloapan, adem\u00e1s del primer confirmado de la zona Mixe.&nbsp;<\/p>\n\n\n\n<p>En un comunicado, mencion\u00f3, que una vez que las autoridades de los Estados Unidos agoten el protocolo necesario para la entrega de los cuerpos, el IOAM, de la mano de la Secretar\u00eda de Relaciones Exteriores se coordinar\u00e1 para trasladar a los migrantes fallecidos hasta sus hogares, donde podr\u00e1n ser despedidos por sus seres queridos.&nbsp;<\/p>\n\n\n\n<p>Adem\u00e1s, dijo que por indicaciones del gobernador del Estado, Alejandro Murat Hinojosa, se ha establecido comunicaci\u00f3n con familiares para ofrecer el apoyo y el acompa\u00f1amiento que resulte necesario.<\/p>\n\n\n\n<p>Aunado a estos decesos, el IOAM contin\u00faa brindando toda la atenci\u00f3n a la familia del migrante que contin\u00faa&nbsp;hospitalizado, indic\u00f3.<\/p>\n\n\n\n<p>Finalmente, Ru\u00edz Garc\u00eda comparti\u00f3 los correos: <a href=\"mailto:ioam.juridico.2004@gmail.com\">ioam.juridico.2004@gmail.com<\/a> y el n\u00famero de tel\u00e9fono 9511210328 para cualquier asesor\u00eda jur\u00eddica, as\u00ed como el de <a href=\"mailto:ioam.traslados20@gmail.com\">ioam.traslados20@gmail.com<\/a> para el servicio de traslado de restos mortuorios, o bien el n\u00famero telef\u00f3nico 951 3924025 para cualquier atenci\u00f3n que se solicite.<\/p>\n","protected":false},"excerpt":{"rendered":"<p>Redacci\u00f3n\/Zona Roja.&nbsp; Oaxaca de Ju\u00e1rez, Oax. 2 de julio de 2022.-&nbsp; Suman tres oaxaque\u00f1os fallecidos&hellip;<\/p>\n","protected":false},"author":2,"featured_media":42902,"comment_status":"closed","ping_status":"open","sticky":false,"template":"","format":"standard","meta":{"_lmt_disableupdate":"","_lmt_disable":"","_jetpack_memberships_contains_paid_content":false,"footnotes":""},"categories":[109,47],"tags":[],"class_list":["post-43064","post","type-post","status-publish","format-standard","has-post-thumbnail","hentry","category-minuto-a-minuto","category-zona-gris"],"jetpack_featured_media_url":"https:\/\/zonaroja.com.mx\/wp-content\/uploads\/2022\/06\/Trailer-migrantes-Texas-San-Antonio.jpeg","jetpack_sharing_enabled":true,"_links":{"self":[{"href":"https:\/\/zonaroja.com.mx\/index.php?rest_route=\/wp\/v2\/posts\/43064","targetHints":{"allow":["GET"]}}],"collection":[{"href":"https:\/\/zonaroja.com.mx\/index.php?rest_route=\/wp\/v2\/posts"}],"about":[{"href":"https:\/\/zonaroja.com.mx\/index.php?rest_route=\/wp\/v2\/types\/post"}],"author":[{"embeddable":true,"href":"https:\/\/zonaroja.com.mx\/index.php?rest_route=\/wp\/v2\/users\/2"}],"replies":[{"embeddable":true,"href":"https:\/\/zonaroja.com.mx\/index.php?rest_route=%2Fwp%2Fv2%2Fcomments&post=43064"}],"version-history":[{"count":1,"href":"https:\/\/zonaroja.com.mx\/index.php?rest_route=\/wp\/v2\/posts\/43064\/revisions"}],"predecessor-version":[{"id":43065,"href":"https:\/\/zonaroja.com.mx\/index.php?rest_route=\/wp\/v2\/posts\/43064\/revisions\/43065"}],"wp:featuredmedia":[{"embeddable":true,"href":"https:\/\/zonaroja.com.mx\/index.php?rest_route=\/wp\/v2\/media\/42902"}],"wp:attachment":[{"href":"https:\/\/zonaroja.com.mx\/index.php?rest_route=%2Fwp%2Fv2%2Fmedia&parent=43064"}],"wp:term":[{"taxonomy":"category","embeddable":true,"href":"https:\/\/zonaroja.com.mx\/index.php?rest_route=%2Fwp%2Fv2%2Fcategories&post=43064"},{"taxonomy":"post_tag","embeddable":true,"href":"https:\/\/zonaroja.com.mx\/index.php?rest_route=%2Fwp%2Fv2%2Ftags&post=43064"}],"curies":[{"name":"wp","href":"https:\/\/api.w.org\/{rel}","templated":true}]}}