{"id":43072,"date":"2022-07-03T10:00:00","date_gmt":"2022-07-03T15:00:00","guid":{"rendered":"http:\/\/www.zonaroja.com.mx\/?p=43072"},"modified":"2022-07-03T07:11:08","modified_gmt":"2022-07-03T12:11:08","slug":"por-lider-preso-en-oaxaca-gremio-de-gomez-urrutia-denunciara-a-juez","status":"publish","type":"post","link":"https:\/\/zonaroja.com.mx\/?p=43072","title":{"rendered":"Por l\u00edder preso en Oaxaca, gremio de G\u00f3mez Urrutia denunciar\u00e1 a juez"},"content":{"rendered":"\n<p>Redacci\u00f3n\/Zona Roja Cdmx.<\/p>\n\n\n\n<p>Ciudad de M\u00e9xico, 3 de julio de 2022.- La Confederaci\u00f3n Internacional de Trabajadores (CIT), que encabeza Napole\u00f3n G\u00f3mez Urrutia, presentar\u00e1 una denuncia penal contra el juez de control Jorge Armando F\u00e9lix Toledano por mantener detenido de forma ilegal a Hip\u00f3lito Rojas, dirigente de esa central en Oaxaca.<\/p>\n\n\n\n<p>\u201cEl juez se ha prestado a una maniobra orquestada por dirigentes de la Confederaci\u00f3n Aut\u00f3noma de Trabajadores y Empleados de M\u00e9xico (CATEM), para mantenerlo ilegalmente en prisi\u00f3n, con miras a arrebatarle contratos colectivos de la industria del autotransporte\u201d, algunos ligados a un tramo del proyecto del Tren Trans\u00edstmico, coment\u00f3 el senador G\u00f3mez Urrrutia.<\/p>\n\n\n\n<p>Expuso que esa es la forma en que act\u00faa la Catem en otras partes del pa\u00eds, a trav\u00e9s del chantaje, la intimidaci\u00f3n y las agresiones para obligar por la fuerza a sindicatos a afiliarse a ese organismo o para apoderarse de sus contratos colectivos, muchas veces con el contubernio de autoridades estatales, municipales o judiciales.<\/p>\n\n\n\n<p>En el caso de Hip\u00f3lito Rojas, dirigente de la CIT en Oaxaca, fue detenido el pasado 14 de junio cuando acud\u00eda a una cita m\u00e9dica en una cl\u00ednica de Oaxaca, donde estaba ingresado Eduardo Luis Villaseca, dirigente transportista afiliado a la Catem que hab\u00eda sido atacado a balazos antes\u201d.<\/p>\n\n\n\n<p>\u201cA nuestro compa\u00f1ero lo acusaron de que fue a rematar a este seudol\u00edder y de inmediato polic\u00edas municipales y de la fiscal\u00eda estatal lo detuvieron ah\u00ed en el hospital, con exceso de fuerza, de forma arbitraria y aunque un juez federal no lo quiso vincular a proceso porque no encontr\u00f3 pruebas de intento de homicidio, un juez local s\u00ed lo hizo y por ello est\u00e1 preso en el reclusorio de Tanivet, en Tlacolula, Oaxaca\u201d.<\/p>\n\n\n\n<p>El dirigente del sindicato minero dijo que han dado una fuerte batalla legal para que siga su proceso en libertad, ya que el delito por el que lo acusan, intento de homicidio, no amerita prisi\u00f3n preventiva y hay adem\u00e1s jurisprudencia de la Suprema Corte en ese sentido, pero el juez F\u00e9lix Toledano respondi\u00f3 a los abogados de Hip\u00f3lito Rojas que \u201c\u00e9l obedece a la Constituci\u00f3n, no a la Suprema Corte\u201d.<\/p>\n\n\n\n<p>El senador de Morena resalt\u00f3 que a Rojas lo han mantenido aislado, incomunicado estas tres semanas y ha sufrido malos tratos, y detr\u00e1s de esa violaci\u00f3n de sus derechos humanos est\u00e1n \u201clas fuerzas oscuras de la Catem que, a trav\u00e9s de la violencia, buscan obtener contratos colectivos de trabajo, aunque los trabajadores los han rechazado una y otra vez\u201d.<\/p>\n\n\n\n<p>Se trata de una acusaci\u00f3n prefabricada, ya que hay pruebas de que ten\u00eda una cita con un medico en esa cl\u00ednica y no hay ning\u00fan video que lo ubique cerca del cuarto del transportista baleado.<\/p>\n\n\n\n<p>\u201cAnte esa injusticia, que ya fue denunciada por la Asociaci\u00f3n Nacional de Abogados Democr\u00e1ticos (ANAD), la CIT presentar\u00e1 esta semana una denuncia penal contra ese juez que act\u00faa bajo presi\u00f3n, por consigna o est\u00e1 totalmente corrompido\u201d.<\/p>\n\n\n\n<p>El senador G\u00f3mez Urrutia formul\u00f3 un llamado al gobernador de Oaxaca, Alejandro Murat, a que respete el estado de derecho y se garantice la integridad f\u00edsica de Hip\u00f3lito Rojas.<\/p>\n\n\n\n<p>(Informaci\u00f3n de \u00abLa Jornada\u00bb)<\/p>\n\n\n\n<figure class=\"wp-block-embed\"><div class=\"wp-block-embed__wrapper\">\nhttps:\/\/www.jornada.com.mx\/2022\/07\/03\/politica\/010n1pol\n<\/div><\/figure>\n","protected":false},"excerpt":{"rendered":"<p>Redacci\u00f3n\/Zona Roja Cdmx. Ciudad de M\u00e9xico, 3 de julio de 2022.- La Confederaci\u00f3n Internacional de&hellip;<\/p>\n","protected":false},"author":2,"featured_media":42433,"comment_status":"closed","ping_status":"open","sticky":false,"template":"","format":"standard","meta":{"_lmt_disableupdate":"","_lmt_disable":"","_jetpack_memberships_contains_paid_content":false,"footnotes":""},"categories":[109,47],"tags":[3164],"class_list":["post-43072","post","type-post","status-publish","format-standard","has-post-thumbnail","hentry","category-minuto-a-minuto","category-zona-gris","tag-hipolito-rojas"],"jetpack_featured_media_url":"https:\/\/zonaroja.com.mx\/wp-content\/uploads\/2022\/06\/Detencion-Hipolito-Rojas-CIT-clinica-Oaxaca.jpg","jetpack_sharing_enabled":true,"_links":{"self":[{"href":"https:\/\/zonaroja.com.mx\/index.php?rest_route=\/wp\/v2\/posts\/43072","targetHints":{"allow":["GET"]}}],"collection":[{"href":"https:\/\/zonaroja.com.mx\/index.php?rest_route=\/wp\/v2\/posts"}],"about":[{"href":"https:\/\/zonaroja.com.mx\/index.php?rest_route=\/wp\/v2\/types\/post"}],"author":[{"embeddable":true,"href":"https:\/\/zonaroja.com.mx\/index.php?rest_route=\/wp\/v2\/users\/2"}],"replies":[{"embeddable":true,"href":"https:\/\/zonaroja.com.mx\/index.php?rest_route=%2Fwp%2Fv2%2Fcomments&post=43072"}],"version-history":[{"count":1,"href":"https:\/\/zonaroja.com.mx\/index.php?rest_route=\/wp\/v2\/posts\/43072\/revisions"}],"predecessor-version":[{"id":43073,"href":"https:\/\/zonaroja.com.mx\/index.php?rest_route=\/wp\/v2\/posts\/43072\/revisions\/43073"}],"wp:featuredmedia":[{"embeddable":true,"href":"https:\/\/zonaroja.com.mx\/index.php?rest_route=\/wp\/v2\/media\/42433"}],"wp:attachment":[{"href":"https:\/\/zonaroja.com.mx\/index.php?rest_route=%2Fwp%2Fv2%2Fmedia&parent=43072"}],"wp:term":[{"taxonomy":"category","embeddable":true,"href":"https:\/\/zonaroja.com.mx\/index.php?rest_route=%2Fwp%2Fv2%2Fcategories&post=43072"},{"taxonomy":"post_tag","embeddable":true,"href":"https:\/\/zonaroja.com.mx\/index.php?rest_route=%2Fwp%2Fv2%2Ftags&post=43072"}],"curies":[{"name":"wp","href":"https:\/\/api.w.org\/{rel}","templated":true}]}}