{"id":43077,"date":"2022-07-03T10:22:00","date_gmt":"2022-07-03T15:22:00","guid":{"rendered":"http:\/\/www.zonaroja.com.mx\/?p=43077"},"modified":"2022-07-03T07:23:17","modified_gmt":"2022-07-03T12:23:17","slug":"fiesta-cultura-y-tradicion-en-teotitlan-del-valle-oaxaca","status":"publish","type":"post","link":"https:\/\/zonaroja.com.mx\/?p=43077","title":{"rendered":"Fiesta, cultura y tradici\u00f3n en Teotitl\u00e1n del Valle, Oaxaca"},"content":{"rendered":"\n<p>Yuridiana Sosa\/Zona Roja<\/p>\n\n\n\n<p>Oaxaca de Ju\u00e1rez, Oax., 3 de julio de 2022.- En Teotitl\u00e1n del Valle se respira y huele a fiesta; sus calles empedradas, rodeadas de una hist\u00f3rica arquitectura, han vuelto a sentir las pisadas aceleradas del fest\u00edn anual en honor a la Preciosa Sangre de Cristo, que por la pandemia de Covid se detuvieron.<\/p>\n\n\n\n<p>Hoy, este pueblo zapoteca antepone la uni\u00f3n comunitaria a un conflicto pol\u00edtico con tres personas. Antepone su cultura artesanal, con tapetes de telar de cintura pintados con grana cochinilla; su amplia gastronom\u00eda, art\u00edstica, que han alcanzado el reconocimiento mundial.<\/p>\n\n\n\n<p>La fiesta patronal inici\u00f3 desde el pasado 26 de junio y continuar\u00e1 durante esta semana con diversas actividades.<\/p>\n\n\n\n<p>Teotitl\u00e1n del Valle, en la regi\u00f3n de Valles Centrales, a unos 25 kil\u00f3metros de la capital, es la \u00fanica comunidad donde la ejecuci\u00f3n de la Danza de la Pluma, particular de esta zona del estado, implica para los integrantes del grupo una promesa por devoci\u00f3n religiosa por tres a\u00f1os.<\/p>\n\n\n\n<p>As\u00ed como es la \u00fanica localidad en la que la ejecuci\u00f3n de la Danza se desarrolla durante unas ocho horas, con la interpretaci\u00f3n de 40 cuadros coreogr\u00e1ficos.<\/p>\n\n\n\n<p>PROGRAMACI\u00d3N<\/p>\n\n\n\n<p>A partir del 4 de julio inician los convites y calendas por la tarde. En este primer recorrido participan las mujeres solteras de la comunidad, con canastas de im\u00e1genes religiosas, ataviadas con el traje t\u00edpico.<\/p>\n\n\n\n<p>Al d\u00eda siguiente, por la tarde, es la presentaci\u00f3n de la promesa de la Danza de la Pluma, y por la noche, cerca las 22:00 horas, la quema del castillo y fuegos artificiales, que se retoma tras dos a\u00f1os de contingencia por Covid-19.<\/p>\n\n\n\n<p>El mi\u00e9rcoles 6 de julio, d\u00eda de la fiesta, se realiza la presentaci\u00f3n por ocho horas de la Danza de la Pluma, en el atrio de la iglesia cat\u00f3lica.<\/p>\n\n\n\n<figure class=\"wp-block-embed is-type-rich is-provider-twitter wp-block-embed-twitter\"><div class=\"wp-block-embed__wrapper\">\n<div class=\"twitter-tweet\"><blockquote class=\"twitter-tweet\" data-lang=\"es\"><p lang=\"es\" dir=\"ltr\"><a href=\"https:\/\/twitter.com\/hashtag\/Teotitl%C3%A1n?src=hash&amp;ref_src=twsrc%5Etfw\">#Teotitl\u00e1n<\/a> del Valle es un pueblo zapoteca pac\u00edfico.<br>Esta semana vive sus fiestas anuales e invita a los turistas a visitar la comunidad de <a href=\"https:\/\/twitter.com\/hashtag\/Oaxaca?src=hash&amp;ref_src=twsrc%5Etfw\">#Oaxaca<\/a>, para constatar\ufffc la tranquilidad y la paz que se vive, as\u00ed como la gran variedad de artesan\u00edas que ofrece\ufffc. <a href=\"https:\/\/t.co\/9HdQmYXOZE\">pic.twitter.com\/9HdQmYXOZE<\/a><\/p>&mdash; Zona Roja Oaxaca (@ZonaRoja_Oaxaca) <a href=\"https:\/\/twitter.com\/ZonaRoja_Oaxaca\/status\/1543340715517812747?ref_src=twsrc%5Etfw\">2 de julio de 2022<\/a><\/blockquote><\/div>\n<\/div><\/figure>\n\n\n\n<p>La festividad contin\u00faa con juegos deportivos durante el jueves y el viernes 8 de julio, por la tarde, se lleva a cabo otro convite de la comunidad. Mientras que el s\u00e1bado, se realizar\u00e1 otra presentaci\u00f3n de la Danza de la Pluma, quema de fuegos artificiales.<\/p>\n\n\n\n<p>Y finalmente, el domingo 10 de julio se realiza la octava de la festividad, donde la Danza de la Pluma vuelve a ser el acto principal.<\/p>\n\n\n\n<p>PUEBLO M\u00c1GICO<\/p>\n\n\n\n<p>Aunque no cuenta con el distintivo oficial de \u201cpueblo m\u00e1gico\u201d, Teotitl\u00e1n del Valle encanta a sus visitantes por su amplia variedad cultural, atrapada esencialmente en sus tapetes.<\/p>\n\n\n\n<p>Mujeres, ni\u00f1as y hasta familias completas dan muestra de la herencia cultural en la elaboraci\u00f3n de tapetes y diversas piezas artesanales y sofisticadas que de forma natural son te\u00f1idas.&nbsp;<\/p>\n\n\n\n<p>Teotitl\u00e1n del Valle es habitada por hombres y mujeres de manos m\u00e1gicas que transforman lo b\u00e1sico; es el caso de la cocinera tradicional de talla internacional, Abigail Mendoza, que ha atra\u00eddo a turistas de todo el mundo para probar los platillos tradicionales.<\/p>\n\n\n\n<p>Adem\u00e1s, en Teotitl\u00e1n se construy\u00f3 el Centro Cultural Comunitario, de grandes magnitudes, para albergar las colecciones y actividades del actual Museo Hist\u00f3rico de Teotitl\u00e1n, situado en la plaza del pueblo.<\/p>\n\n\n\n<p>SOLO PIDEN PAZ<\/p>\n\n\n\n<p>Esta comunidad que actualmente vive un conflicto pol\u00edtico con tres personas ha preferido el di\u00e1logo para solucionarlo, pero ante la omisi\u00f3n de las autoridades estatales, las autoridades municipales advirtieron que podr\u00edan recurrir a los bloqueos, durante la Guelaguetza, si no hay soluci\u00f3n.<\/p>\n","protected":false},"excerpt":{"rendered":"<p>Yuridiana Sosa\/Zona Roja Oaxaca de Ju\u00e1rez, Oax., 3 de julio de 2022.- En Teotitl\u00e1n del&hellip;<\/p>\n","protected":false},"author":2,"featured_media":43078,"comment_status":"closed","ping_status":"open","sticky":false,"template":"","format":"standard","meta":{"_lmt_disableupdate":"","_lmt_disable":"","_jetpack_memberships_contains_paid_content":false,"footnotes":""},"categories":[109,46],"tags":[3176],"class_list":["post-43077","post","type-post","status-publish","format-standard","has-post-thumbnail","hentry","category-minuto-a-minuto","category-zona-blanca","tag-teotitlan-del-valle"],"jetpack_featured_media_url":"https:\/\/zonaroja.com.mx\/wp-content\/uploads\/2022\/07\/Teotitlan-del-Valle.jpg","jetpack_sharing_enabled":true,"_links":{"self":[{"href":"https:\/\/zonaroja.com.mx\/index.php?rest_route=\/wp\/v2\/posts\/43077","targetHints":{"allow":["GET"]}}],"collection":[{"href":"https:\/\/zonaroja.com.mx\/index.php?rest_route=\/wp\/v2\/posts"}],"about":[{"href":"https:\/\/zonaroja.com.mx\/index.php?rest_route=\/wp\/v2\/types\/post"}],"author":[{"embeddable":true,"href":"https:\/\/zonaroja.com.mx\/index.php?rest_route=\/wp\/v2\/users\/2"}],"replies":[{"embeddable":true,"href":"https:\/\/zonaroja.com.mx\/index.php?rest_route=%2Fwp%2Fv2%2Fcomments&post=43077"}],"version-history":[{"count":1,"href":"https:\/\/zonaroja.com.mx\/index.php?rest_route=\/wp\/v2\/posts\/43077\/revisions"}],"predecessor-version":[{"id":43079,"href":"https:\/\/zonaroja.com.mx\/index.php?rest_route=\/wp\/v2\/posts\/43077\/revisions\/43079"}],"wp:featuredmedia":[{"embeddable":true,"href":"https:\/\/zonaroja.com.mx\/index.php?rest_route=\/wp\/v2\/media\/43078"}],"wp:attachment":[{"href":"https:\/\/zonaroja.com.mx\/index.php?rest_route=%2Fwp%2Fv2%2Fmedia&parent=43077"}],"wp:term":[{"taxonomy":"category","embeddable":true,"href":"https:\/\/zonaroja.com.mx\/index.php?rest_route=%2Fwp%2Fv2%2Fcategories&post=43077"},{"taxonomy":"post_tag","embeddable":true,"href":"https:\/\/zonaroja.com.mx\/index.php?rest_route=%2Fwp%2Fv2%2Ftags&post=43077"}],"curies":[{"name":"wp","href":"https:\/\/api.w.org\/{rel}","templated":true}]}}