{"id":43080,"date":"2022-07-03T09:24:00","date_gmt":"2022-07-03T14:24:00","guid":{"rendered":"http:\/\/www.zonaroja.com.mx\/?p=43080"},"modified":"2022-07-03T07:29:39","modified_gmt":"2022-07-03T12:29:39","slug":"suman-11-casos-de-viruela-del-mono-en-el-estado-de-jalisco","status":"publish","type":"post","link":"https:\/\/zonaroja.com.mx\/?p=43080","title":{"rendered":"Suman 11 casos de viruela del mono en el estado de Jalisco"},"content":{"rendered":"\n<p>Redacci\u00f3n\/Zona Roja Cdmx.<\/p>\n\n\n\n<p>Ciudad de M\u00e9xico, 3 de julio de 2022.- El brote de viruela de mono en Jalisco sigue en aumento; la Secretar\u00eda de Salud Jalisco (SSJ) inform\u00f3 de dos nuevos casos en la entidad, por lo que la cifra total de confirmados se eleva a 11. Ambos est\u00e1n en observaci\u00f3n.&nbsp;<\/p>\n\n\n\n<p>El primero es un hombre de 42 a\u00f1os, residente de Puerto Vallarta y se encuentra en aislamiento domiciliario. Estuvo en contacto con una persona de origen extranjero.<\/p>\n\n\n\n<p>El segundo tiene 41 a\u00f1os y es residente del \u00c1rea Metropolitana de Guadalajara. Cuenta con antecedente de viaje a Madrid y Par\u00eds el d\u00eda 9 de junio y regreso el 23.<\/p>\n\n\n\n<p>De acuerdo con la dependencia se trata de dos hombres pasados los cuarenta a\u00f1os de edad. A su vez inform\u00f3 que no se han registrado casos sospechosos.<\/p>\n\n\n\n<p>El primer caso de viruela s\u00edmica en Jalisco fue el de un extranjero de 48 a\u00f1os originario de Dallas, Texas, quien viaj\u00f3 a Puerto Vallarta de vacaciones.<\/p>\n\n\n\n<p>El sujeto estuvo en varias celebraciones.&nbsp;<\/p>\n\n\n\n<p>Tras la presencia de s\u00edntomas, se present\u00f3 a un hospital donde al ser detectada la viruela, se le recomend\u00f3 seguir medidas de aislamiento. Sin embargo, se neg\u00f3 y se dio a la fuga.<\/p>\n\n\n\n<p>Las autoridades sanitarias de Jalisco se\u00f1alaron que en todas las unidades de salud contin\u00faan las acciones para la detecci\u00f3n y estudio de los casos sospechosos; as\u00ed como en los puntos de Sanidad Internacional.<\/p>\n\n\n\n<p>El m\u00f3dulo en Puerto Vallarta sigue dando atenci\u00f3n de casos que requieran informaci\u00f3n, aclarar dudas o presenten s\u00edntomas sugestivos. Igualmente, el call center brinda atenci\u00f3n las 24 horas para orientaci\u00f3n al p\u00fablico en general.&nbsp;<\/p>\n\n\n\n<p>(Informaci\u00f3n de \u201cEl Heraldo de M\u00e9xico\u201d)<\/p>\n","protected":false},"excerpt":{"rendered":"<p>Redacci\u00f3n\/Zona Roja Cdmx. Ciudad de M\u00e9xico, 3 de julio de 2022.- El brote de viruela&hellip;<\/p>\n","protected":false},"author":2,"featured_media":42245,"comment_status":"closed","ping_status":"open","sticky":false,"template":"","format":"standard","meta":{"_lmt_disableupdate":"","_lmt_disable":"","_jetpack_memberships_contains_paid_content":false,"footnotes":""},"categories":[109,47],"tags":[3161],"class_list":["post-43080","post","type-post","status-publish","format-standard","has-post-thumbnail","hentry","category-minuto-a-minuto","category-zona-gris","tag-viruela-del-mono"],"jetpack_featured_media_url":"https:\/\/zonaroja.com.mx\/wp-content\/uploads\/2022\/06\/Viruela-del-mono-monkey.jpeg","jetpack_sharing_enabled":true,"_links":{"self":[{"href":"https:\/\/zonaroja.com.mx\/index.php?rest_route=\/wp\/v2\/posts\/43080","targetHints":{"allow":["GET"]}}],"collection":[{"href":"https:\/\/zonaroja.com.mx\/index.php?rest_route=\/wp\/v2\/posts"}],"about":[{"href":"https:\/\/zonaroja.com.mx\/index.php?rest_route=\/wp\/v2\/types\/post"}],"author":[{"embeddable":true,"href":"https:\/\/zonaroja.com.mx\/index.php?rest_route=\/wp\/v2\/users\/2"}],"replies":[{"embeddable":true,"href":"https:\/\/zonaroja.com.mx\/index.php?rest_route=%2Fwp%2Fv2%2Fcomments&post=43080"}],"version-history":[{"count":1,"href":"https:\/\/zonaroja.com.mx\/index.php?rest_route=\/wp\/v2\/posts\/43080\/revisions"}],"predecessor-version":[{"id":43081,"href":"https:\/\/zonaroja.com.mx\/index.php?rest_route=\/wp\/v2\/posts\/43080\/revisions\/43081"}],"wp:featuredmedia":[{"embeddable":true,"href":"https:\/\/zonaroja.com.mx\/index.php?rest_route=\/wp\/v2\/media\/42245"}],"wp:attachment":[{"href":"https:\/\/zonaroja.com.mx\/index.php?rest_route=%2Fwp%2Fv2%2Fmedia&parent=43080"}],"wp:term":[{"taxonomy":"category","embeddable":true,"href":"https:\/\/zonaroja.com.mx\/index.php?rest_route=%2Fwp%2Fv2%2Fcategories&post=43080"},{"taxonomy":"post_tag","embeddable":true,"href":"https:\/\/zonaroja.com.mx\/index.php?rest_route=%2Fwp%2Fv2%2Ftags&post=43080"}],"curies":[{"name":"wp","href":"https:\/\/api.w.org\/{rel}","templated":true}]}}