{"id":43102,"date":"2022-07-04T06:59:49","date_gmt":"2022-07-04T11:59:49","guid":{"rendered":"http:\/\/www.zonaroja.com.mx\/?p=43102"},"modified":"2022-07-04T06:59:51","modified_gmt":"2022-07-04T11:59:51","slug":"en-ultima-semana-oaxaca-registro-2156-contagios-de-covid-308-casos-diarios","status":"publish","type":"post","link":"https:\/\/zonaroja.com.mx\/?p=43102","title":{"rendered":"En \u00faltima semana Oaxaca registr\u00f3 2,156 contagios de Covid; 308 casos diarios"},"content":{"rendered":"\n<p>Redacci\u00f3n\/Zona Roja.<\/p>\n\n\n\n<p>Oaxaca de Ju\u00e1rez, Oax. 03 de julio de 2022.- Durante el per\u00edodo comprendido del 26 de junio al 02 de julio, Oaxaca registr\u00f3 dos mil 156 contagios de Covid, un aumento del 40.45 por ciento en comparaci\u00f3n con el periodo anterior.<\/p>\n\n\n\n<p>Ello significa que a diario en la entidad 308 personas se contagiaron del coronavirus; no obstante, la pandemia es cada vez menos mortal y en ese mismo lapso ocurrieron ocho decesos.<\/p>\n\n\n\n<p>De acuerdo con un comunicado e los Servicios de Salud de Oaxaca, a la fecha la entidad registr\u00f3 un acumulado de 126 mil 559 casos confirmados de Covid-19, as\u00ed como seis mil 233 p\u00e9rdidas de vidas humanas.&nbsp;<\/p>\n\n\n\n<p>Mientras que el promedio de ocupaci\u00f3n hospitalaria para la atenci\u00f3n a pacientes con complicaciones derivadas de esta enfermedad fue de 9.0%<\/p>\n\n\n\n<p>La dependencia precis\u00f3 que la celebraci\u00f3n de la Guelaguetza 2022 se tiene que vivir con responsabilidad y disciplina, porque la pandemia se mantiene activa en la entidad.<\/p>\n\n\n\n<p>Adem\u00e1s, hizo un llamado a las y los presidentes municipales de los 570 municipios que conforman el estado, a los prestadores de servicios tur\u00edsticos y a la poblaci\u00f3n en su conjunto, para mantener las medidas sanitarias vigentes y evitar un incremento acelerado de contagios, hospitalizaciones y fallecimientos a causa de este coronavirus.<\/p>\n\n\n\n<p>Se\u00f1al\u00f3 que es necesario mantener la guardia al usar correctamente el cubrebocas, lavar las manos con agua y jab\u00f3n de manera frecuente o utilizar soluciones alcoholadas al 70%, adem\u00e1s de priorizar los espacios abiertos y bien ventilados<\/p>\n\n\n\n<p>Refiri\u00f3 que de presentar s\u00edntomas como: tos, fiebre, cansancio, p\u00e9rdida de olfato o gusto, dolor de garganta, cabeza, diarrea, erupci\u00f3n cut\u00e1nea y ojos irritados, se debe acudir de inmediato a la Unidad M\u00e9dica m\u00e1s cercana para un diagn\u00f3stico y tratamiento oportuno.<\/p>\n\n\n\n<figure class=\"wp-block-embed is-type-rich is-provider-twitter wp-block-embed-twitter\"><div class=\"wp-block-embed__wrapper\">\n<div class=\"twitter-tweet\"><blockquote class=\"twitter-tweet\" data-lang=\"es\"><p lang=\"es\" dir=\"ltr\"><a href=\"https:\/\/twitter.com\/hashtag\/%C3%9AltimoMinuto?src=hash&amp;ref_src=twsrc%5Etfw\">#\u00daltimoMinuto<\/a><br>Imparable el Covid en <a href=\"https:\/\/twitter.com\/hashtag\/Oaxaca?src=hash&amp;ref_src=twsrc%5Etfw\">#Oaxaca<\/a>.<br>Del 26 de junio al 2 de julio, los <a href=\"https:\/\/twitter.com\/SSO_GobOax?ref_src=twsrc%5Etfw\">@SSO_GobOax<\/a> reportan 2 mil 156 contagios, 8 decesos y 2 mil 719 casos activos.<br>Suman 126 mil 559 casos confirmados y 6 mil 233 fallecimientos.<br>Ocupaci\u00f3n hospitalaria del 9% y 4 nosocomios saturados. <a href=\"https:\/\/t.co\/XnynOmCMSa\">pic.twitter.com\/XnynOmCMSa<\/a><\/p>&mdash; Zona Roja Oaxaca (@ZonaRoja_Oaxaca) <a href=\"https:\/\/twitter.com\/ZonaRoja_Oaxaca\/status\/1543763303205376000?ref_src=twsrc%5Etfw\">4 de julio de 2022<\/a><\/blockquote><\/div>\n<\/div><\/figure>\n","protected":false},"excerpt":{"rendered":"<p>Redacci\u00f3n\/Zona Roja. Oaxaca de Ju\u00e1rez, Oax. 03 de julio de 2022.- Durante el per\u00edodo comprendido&hellip;<\/p>\n","protected":false},"author":2,"featured_media":43103,"comment_status":"closed","ping_status":"open","sticky":false,"template":"","format":"standard","meta":{"_lmt_disableupdate":"","_lmt_disable":"","_jetpack_memberships_contains_paid_content":false,"footnotes":""},"categories":[109,47],"tags":[1512],"class_list":["post-43102","post","type-post","status-publish","format-standard","has-post-thumbnail","hentry","category-minuto-a-minuto","category-zona-gris","tag-coronavirus-oaxaca"],"jetpack_featured_media_url":"https:\/\/zonaroja.com.mx\/wp-content\/uploads\/2022\/07\/Covid-ciudad-de-Oaxaca-andador-turistico-coronavirus.jpg","jetpack_sharing_enabled":true,"_links":{"self":[{"href":"https:\/\/zonaroja.com.mx\/index.php?rest_route=\/wp\/v2\/posts\/43102","targetHints":{"allow":["GET"]}}],"collection":[{"href":"https:\/\/zonaroja.com.mx\/index.php?rest_route=\/wp\/v2\/posts"}],"about":[{"href":"https:\/\/zonaroja.com.mx\/index.php?rest_route=\/wp\/v2\/types\/post"}],"author":[{"embeddable":true,"href":"https:\/\/zonaroja.com.mx\/index.php?rest_route=\/wp\/v2\/users\/2"}],"replies":[{"embeddable":true,"href":"https:\/\/zonaroja.com.mx\/index.php?rest_route=%2Fwp%2Fv2%2Fcomments&post=43102"}],"version-history":[{"count":1,"href":"https:\/\/zonaroja.com.mx\/index.php?rest_route=\/wp\/v2\/posts\/43102\/revisions"}],"predecessor-version":[{"id":43104,"href":"https:\/\/zonaroja.com.mx\/index.php?rest_route=\/wp\/v2\/posts\/43102\/revisions\/43104"}],"wp:featuredmedia":[{"embeddable":true,"href":"https:\/\/zonaroja.com.mx\/index.php?rest_route=\/wp\/v2\/media\/43103"}],"wp:attachment":[{"href":"https:\/\/zonaroja.com.mx\/index.php?rest_route=%2Fwp%2Fv2%2Fmedia&parent=43102"}],"wp:term":[{"taxonomy":"category","embeddable":true,"href":"https:\/\/zonaroja.com.mx\/index.php?rest_route=%2Fwp%2Fv2%2Fcategories&post=43102"},{"taxonomy":"post_tag","embeddable":true,"href":"https:\/\/zonaroja.com.mx\/index.php?rest_route=%2Fwp%2Fv2%2Ftags&post=43102"}],"curies":[{"name":"wp","href":"https:\/\/api.w.org\/{rel}","templated":true}]}}