{"id":43105,"date":"2022-07-04T07:56:58","date_gmt":"2022-07-04T12:56:58","guid":{"rendered":"http:\/\/www.zonaroja.com.mx\/?p=43105"},"modified":"2022-07-04T08:08:04","modified_gmt":"2022-07-04T13:08:04","slug":"cristian-eder-de-yerro-en-yerro-martinez-alaves-el-verdadero-ave-fenix","status":"publish","type":"post","link":"https:\/\/zonaroja.com.mx\/?p=43105","title":{"rendered":"Cristian \u00c9der, de yerro en yerro; Mart\u00ednez Alav\u00e9s, el verdadero ave F\u00e9nix"},"content":{"rendered":"\n<p>Ismael Garc\u00eda M.\/Zona Roja.<\/p>\n\n\n\n<p>Oaxaca de Ju\u00e1rez, Oax., 4 de julio de 2022.- No ha llegado ni a los 100 d\u00edas en la rector\u00eda, pero Cristian \u00c9der Carre\u00f1o L\u00f3pez ya incendia la UABJO.<\/p>\n\n\n\n<p>Fiel disc\u00edpulo y colaborador de Jos\u00e9 Manuel Vera Salinas, a quien lleva las cuentas del Secretariado Ejecutivo del Sistema Estatal de Seguridad P\u00fablica, empez\u00f3 a arremeter contra quienes considera sus enemigos en la Universidad.<\/p>\n\n\n\n<p>Confiado en que el manual que le prepar\u00f3 el Gobierno del Estado para imponerlo al frente de la m\u00e1xima casa de estudios le funcionar\u00eda igual, comenz\u00f3 a crear conflictos en la Facultad de Contadur\u00eda y Administraci\u00f3n, luego en la Preparatoria 7 y prepara asaltos a otras escuelas, entre ellas la Facultad de Idiomas y la Facultad de Gastronom\u00eda, para destituir a directores y disolver consejos t\u00e9cnicos.&nbsp;<\/p>\n\n\n\n<p>Sin embargo, las cuentas no le dan y ha tenido que recular en dos casos, para negociar, antes que el caos que cre\u00f3 lo alcance.<\/p>\n\n\n\n<p>Mientras tanto, el verdadero ave f\u00e9nix, Abraham Mart\u00ednez Alavez, ya desconf\u00eda de \u00c9der Carre\u00f1o y prepara a uno de sus hijos, Abraham Mart\u00ednez Helmes, para asaltar la rector\u00eda y quedarse con todo el poder.<\/p>\n\n\n\n<p>LA IMPOSICI\u00d3N<\/p>\n\n\n\n<p>Como se detall\u00f3 semanas atr\u00e1s en este mismo espacio, despu\u00e9s de varios intentos y desestabilizaciones, pr\u00e1cticamente fue un golpe de Estado el que dio el gobierno, v\u00eda Vera Salinas, para imponer a Cristian \u00c9der Carre\u00f1o.<\/p>\n\n\n\n<p>El 2 de abril se efectu\u00f3 la primera supuesta asamblea de Consejo Universitario para elegir rector, que no les cuaj\u00f3. El entonces rector Eduardo Bautista Mart\u00ednez le demostr\u00f3 que contaba pr\u00e1cticamente con todo el Consejo a su favor y quienes le reiteraron ese mismo d\u00eda su respaldo.<\/p>\n\n\n\n<p>El gobierno tuvo que esperar 22 d\u00edas para armar otra presunta sesi\u00f3n de Consejo Universitario, pero ahora con mayor respaldo de Abraham Mart\u00ednez Alav\u00e9s, y amagos desde el gobierno a Bautista Mart\u00ednez, que no tuvo de otra m\u00e1s que ceder el cargo, el 23 de abril, pese a que fue una elecci\u00f3n ilegal.<\/p>\n\n\n\n<p>RECONOCIMIENTO OFICIAL<\/p>\n\n\n\n<p>Fue as\u00ed como Cristian \u00c9der tom\u00f3 las riendas de la Universidad Aut\u00f3noma \u201cBenito Ju\u00e1rez\u201d de Oaxaca por dos a\u00f1os\u2026 que podr\u00edan ser menos.<\/p>\n\n\n\n<p>De manera por dem\u00e1s extra\u00f1a, en menos de una semana, el 27 de abril, el gobernador Alejandro Murat se apresur\u00f3 a reconocer la \u201cdesignaci\u00f3n\u201d.<\/p>\n\n\n\n<p>Y como para recalcar que todo el aparato del Estado fue usado para imponer a Carre\u00f1o L\u00f3pez, el 6 de mayo se volcaron los funcionarios, entre ellos Vera Salinas (quien por cierto moviliz\u00f3 a los viejos \u201cporros\u201d para cuidar que no hubiera protestas contra Murat Hinojosa), en un supuesto tequio, con apoyo de diversas dependencias estatales y la asistencia del gobernador.<\/p>\n\n\n\n<p>Con dificultades, a falta de operadores pol\u00edticos dentro de la comunidad universitaria, pues s\u00f3lo cuenta con los viejos \u201cporros\u201d que revivi\u00f3 Vera Salinas, el representante de la m\u00e1xima casa de estudios tard\u00f3 en resolver el emplazamiento a huelga del STEUABJO.<\/p>\n\n\n\n<p>Pero no se ha podido quitar de encima a la fracci\u00f3n que encabeza Julio Mora, quien ya prepara otra \u201ctoma\u201d de Ciudad Universitaria, bajo cualquier pretexto.<\/p>\n\n\n\n<p>\u00bfRUTA MARCADA?<\/p>\n\n\n\n<p>No bien resuelve plenamente los emplazamientos a huelga, y Cristian \u00c9der, azuzado por el patriarca de la familia Alav\u00e9s, decidi\u00f3 picar el avispero.<\/p>\n\n\n\n<p>La noche del pasado lunes 27 de junio y alertados desde la rector\u00eda, acad\u00e9micos y alumnos de la Facultad de Contadur\u00eda \u201ctomaron\u201d las instalaciones de Ciudad Universitaria, para advertir una incursi\u00f3n y destituci\u00f3n del director Gerardo Velasco Soriano.<\/p>\n\n\n\n<p>Ello se confirm\u00f3 el martes, que un supuesto Consejo T\u00e9cnico impuso al abogado Mauro Francisco Carrasco como director.&nbsp;<\/p>\n\n\n\n<p>Similar acci\u00f3n pretend\u00eda hacer Cristian \u00c9der en Prepa 7 pero fue advertido a tiempo por maestros y alumnos, que adem\u00e1s denunciaron violencia, el mi\u00e9rcoles.<\/p>\n\n\n\n<p>Ese mismo d\u00eda por la noche sesion\u00f3 el Consejo T\u00e9cnico formal de Contadur\u00eda, para ratificar a Gerardo Velasco Soriano como director y fue el jueves por la noche en que el rector tuvo que recular en sus pretensiones y reconocer a este \u00faltimo, con lo cual termin\u00f3 el conflicto\u2026 por ahora.<\/p>\n\n\n\n<p>Nada est\u00e1 dicho en esta naciente administraci\u00f3n de la UABJO y para Abraham Mart\u00ednez Alav\u00e9s, Carre\u00f1o L\u00f3pez s\u00f3lo es una pieza de su ajedrez, pues su fin es apoderarse totalmente de la UABJO, al costo que sea, habida cuenta que Alejandro Murat, que lo respald\u00f3, ya se va.<\/p>\n\n\n\n<p>Llama la atenci\u00f3n que en sus mensajes en redes sociales, el rector alude el resurgimiento de la instituci\u00f3n, cual ave F\u00e9nix, pero en los hechos, es el cacique universitario quien pretende consolidar su poder, as\u00ed sea encarcelando a uno de sus hijos, Eduardo Mart\u00ednez Helmes.<\/p>\n\n\n\n<p>En los pr\u00f3ximos d\u00edas dar\u00e1 otro golpe en la Facultad de Derecho, Roc\u00edo Mart\u00ednez Helmes, para imponer a su hija como directora; desde la Secretar\u00eda General, Abraham Mart\u00ednez Helmes se prepara ya para asaltar la rector\u00eda.&nbsp;<\/p>\n\n\n\n<p>Mart\u00ednez Alav\u00e9s pretende vender a los morenistas y al gobernador electo, Salom\u00f3n Jara Cruz, que le tendr\u00e1 fidelidad y que le pondr\u00e1 a la Universidad a sus pies, tratando de ocultar sus filias con el gobierno actual.<\/p>\n\n\n\n<p>Mientras tanto, Cristian \u00c9der Carre\u00f1o se revuelve; no haya un frente s\u00f3lido para hacer frente al cacique y lo \u00fanico que ha hecho es comenzar a deshacerse de sus aliados, como Enrique Mart\u00ednez Mart\u00ednez.<\/p>\n\n\n\n<p>A base de golpes pretender\u00e1 imponerse en la Universidad, lo que no pudo hacer&nbsp; pues su designaci\u00f3n fue priista con uso incluso de polic\u00edas y porros. Buscar\u00e1 quitarse la marca de priista-muratista, pero tiene el tiempo encima. \u00bfEl que a hierro mata a hierro muere? O por sus yerros lo conocer\u00e9is.<\/p>\n","protected":false},"excerpt":{"rendered":"<p>Ismael Garc\u00eda M.\/Zona Roja. Oaxaca de Ju\u00e1rez, Oax., 4 de julio de 2022.- No ha&hellip;<\/p>\n","protected":false},"author":2,"featured_media":41735,"comment_status":"closed","ping_status":"open","sticky":false,"template":"","format":"standard","meta":{"_lmt_disableupdate":"","_lmt_disable":"","_jetpack_memberships_contains_paid_content":false,"footnotes":""},"categories":[456,109,48],"tags":[1353],"class_list":["post-43105","post","type-post","status-publish","format-standard","has-post-thumbnail","hentry","category-columna","category-minuto-a-minuto","category-zona-critica","tag-opinion-zona-critica"],"jetpack_featured_media_url":"https:\/\/zonaroja.com.mx\/wp-content\/uploads\/2022\/05\/Opinion-Ismael-Garcia-M.jpg","jetpack_sharing_enabled":true,"_links":{"self":[{"href":"https:\/\/zonaroja.com.mx\/index.php?rest_route=\/wp\/v2\/posts\/43105","targetHints":{"allow":["GET"]}}],"collection":[{"href":"https:\/\/zonaroja.com.mx\/index.php?rest_route=\/wp\/v2\/posts"}],"about":[{"href":"https:\/\/zonaroja.com.mx\/index.php?rest_route=\/wp\/v2\/types\/post"}],"author":[{"embeddable":true,"href":"https:\/\/zonaroja.com.mx\/index.php?rest_route=\/wp\/v2\/users\/2"}],"replies":[{"embeddable":true,"href":"https:\/\/zonaroja.com.mx\/index.php?rest_route=%2Fwp%2Fv2%2Fcomments&post=43105"}],"version-history":[{"count":2,"href":"https:\/\/zonaroja.com.mx\/index.php?rest_route=\/wp\/v2\/posts\/43105\/revisions"}],"predecessor-version":[{"id":43110,"href":"https:\/\/zonaroja.com.mx\/index.php?rest_route=\/wp\/v2\/posts\/43105\/revisions\/43110"}],"wp:featuredmedia":[{"embeddable":true,"href":"https:\/\/zonaroja.com.mx\/index.php?rest_route=\/wp\/v2\/media\/41735"}],"wp:attachment":[{"href":"https:\/\/zonaroja.com.mx\/index.php?rest_route=%2Fwp%2Fv2%2Fmedia&parent=43105"}],"wp:term":[{"taxonomy":"category","embeddable":true,"href":"https:\/\/zonaroja.com.mx\/index.php?rest_route=%2Fwp%2Fv2%2Fcategories&post=43105"},{"taxonomy":"post_tag","embeddable":true,"href":"https:\/\/zonaroja.com.mx\/index.php?rest_route=%2Fwp%2Fv2%2Ftags&post=43105"}],"curies":[{"name":"wp","href":"https:\/\/api.w.org\/{rel}","templated":true}]}}