{"id":4311,"date":"2019-09-26T20:19:06","date_gmt":"2019-09-27T01:19:06","guid":{"rendered":"http:\/\/www.zonaroja.com.mx\/?p=4311"},"modified":"2019-09-26T20:24:26","modified_gmt":"2019-09-27T01:24:26","slug":"resurge-violencia-en-zona-mixe-ataque-a-guardia-nacional-deja-una-lesionada","status":"publish","type":"post","link":"https:\/\/zonaroja.com.mx\/?p=4311","title":{"rendered":"Resurge violencia en zona Mixe; ataque a Guardia Nacional deja una lesionada"},"content":{"rendered":"\n<p>Redacci\u00f3n\/Zona\nRoja.<\/p>\n\n\n\n<p>Oaxaca de\nJu\u00e1rez, Oax., 26 de septiembre de 2019.- La violencia resurgi\u00f3 este jueves en\nla zona Mixe de Oaxaca, al ser atacada una partida de la Guardia Nacional, con\nsaldo preliminar de una mujer lesionada.<\/p>\n\n\n\n<p>La denuncia\nla hicieron a trav\u00e9s de un documento las autoridades auxiliares de San Juan\nBosco Chuxnab\u00e1n, que mantienen un diferendo administrativo y agrario con San\nMiguel Quetzaltepec, su cabecera municipal.<\/p>\n\n\n\n<p>Seg\u00fan dieron a conocer el agente municipal Anastacio Morales V\u00e1squez y el s\u00edndico Pioquinto P\u00e9rez, personal de la Guardia Nacional fue agredida a balazos en la zona conocida como \u201cPiedra Colorada\u201d, cuando hac\u00eda su recorrido de vigilancia, \u201clugar estrat\u00e9gico de los grupos armados de Quetzaltepec\u201d.<\/p>\n\n\n\n<figure class=\"wp-block-image\"><img decoding=\"async\" width=\"810\" height=\"1024\" src=\"http:\/\/www.zonaroja.com.mx\/wp-content\/uploads\/2019\/09\/IMG_1991-810x1024.jpg\" alt=\"\" class=\"wp-image-4312\" srcset=\"https:\/\/zonaroja.com.mx\/wp-content\/uploads\/2019\/09\/IMG_1991-810x1024.jpg 810w, https:\/\/zonaroja.com.mx\/wp-content\/uploads\/2019\/09\/IMG_1991-237x300.jpg 237w, https:\/\/zonaroja.com.mx\/wp-content\/uploads\/2019\/09\/IMG_1991-768x970.jpg 768w, https:\/\/zonaroja.com.mx\/wp-content\/uploads\/2019\/09\/IMG_1991-585x739.jpg 585w, https:\/\/zonaroja.com.mx\/wp-content\/uploads\/2019\/09\/IMG_1991.jpg 1013w\" sizes=\"(max-width: 810px) 100vw, 810px\" \/><\/figure>\n\n\n\n<p>Lo anterior\ndej\u00f3 como saldo una femenina lesionada por arma de fuego en el brazo,\nizquierdo, identificada como Griselda Caba\u00f1as Lozano, de 25 a\u00f1os de edad, personal\nde la Corporaci\u00f3n, quien fue trasladada a la ciudad de Oaxaca.<\/p>\n\n\n\n<p>La autoridad\nde Chuxnab\u00e1n record\u00f3 que los ataques armados por parte de Quetzaltepec se han\nrecrudecido este a\u00f1o ante la solicitud que hace la agencia de recursos\npresupuestales.<\/p>\n\n\n\n<p>As\u00ed, un\nprimer ataque armado, sin v\u00edctimas, ocurri\u00f3 el 17 de junio; otro el 9 de\nseptiembre, que dej\u00f3 como saldo dos comuneros asesinados, Eusebio P\u00e9rez P\u00e9rez y\nDomingo Mart\u00ednez P\u00e9rez, hechos que hasta ahora no han sido esclarecidos ni hay\ndetenidos.<\/p>\n\n\n\n<p>Ante ello,\nreiteraron en un oficio fechado este jueves, la urgente intervenci\u00f3n de los\ngobiernos estatal y federal, para atender con urgencia y prioridad este\nproblema con su cabecera Quetzaltepec.<\/p>\n","protected":false},"excerpt":{"rendered":"<p>Redacci\u00f3n\/Zona Roja. Oaxaca de Ju\u00e1rez, Oax., 26 de septiembre de 2019.- La violencia resurgi\u00f3 este&hellip;<\/p>\n","protected":false},"author":2,"featured_media":3015,"comment_status":"closed","ping_status":"open","sticky":false,"template":"","format":"standard","meta":{"_lmt_disableupdate":"","_lmt_disable":"","_jetpack_memberships_contains_paid_content":false,"footnotes":""},"categories":[109,51],"tags":[774],"class_list":["post-4311","post","type-post","status-publish","format-standard","has-post-thumbnail","hentry","category-minuto-a-minuto","category-zona-roja","tag-guardia-nacional-oaxaca"],"jetpack_featured_media_url":"https:\/\/zonaroja.com.mx\/wp-content\/uploads\/2019\/08\/IMG_5623.jpg","jetpack_sharing_enabled":true,"_links":{"self":[{"href":"https:\/\/zonaroja.com.mx\/index.php?rest_route=\/wp\/v2\/posts\/4311","targetHints":{"allow":["GET"]}}],"collection":[{"href":"https:\/\/zonaroja.com.mx\/index.php?rest_route=\/wp\/v2\/posts"}],"about":[{"href":"https:\/\/zonaroja.com.mx\/index.php?rest_route=\/wp\/v2\/types\/post"}],"author":[{"embeddable":true,"href":"https:\/\/zonaroja.com.mx\/index.php?rest_route=\/wp\/v2\/users\/2"}],"replies":[{"embeddable":true,"href":"https:\/\/zonaroja.com.mx\/index.php?rest_route=%2Fwp%2Fv2%2Fcomments&post=4311"}],"version-history":[{"count":1,"href":"https:\/\/zonaroja.com.mx\/index.php?rest_route=\/wp\/v2\/posts\/4311\/revisions"}],"predecessor-version":[{"id":4313,"href":"https:\/\/zonaroja.com.mx\/index.php?rest_route=\/wp\/v2\/posts\/4311\/revisions\/4313"}],"wp:featuredmedia":[{"embeddable":true,"href":"https:\/\/zonaroja.com.mx\/index.php?rest_route=\/wp\/v2\/media\/3015"}],"wp:attachment":[{"href":"https:\/\/zonaroja.com.mx\/index.php?rest_route=%2Fwp%2Fv2%2Fmedia&parent=4311"}],"wp:term":[{"taxonomy":"category","embeddable":true,"href":"https:\/\/zonaroja.com.mx\/index.php?rest_route=%2Fwp%2Fv2%2Fcategories&post=4311"},{"taxonomy":"post_tag","embeddable":true,"href":"https:\/\/zonaroja.com.mx\/index.php?rest_route=%2Fwp%2Fv2%2Ftags&post=4311"}],"curies":[{"name":"wp","href":"https:\/\/api.w.org\/{rel}","templated":true}]}}