{"id":43116,"date":"2022-07-04T09:46:18","date_gmt":"2022-07-04T14:46:18","guid":{"rendered":"http:\/\/www.zonaroja.com.mx\/?p=43116"},"modified":"2022-07-04T09:46:19","modified_gmt":"2022-07-04T14:46:19","slug":"ejecutan-a-ocho-personas-este-lunes-en-oaxaca-entre-ellos-menores-de-edad","status":"publish","type":"post","link":"https:\/\/zonaroja.com.mx\/?p=43116","title":{"rendered":"Ejecutan a ocho personas este lunes en Oaxaca, entre ellos menores de edad"},"content":{"rendered":"\n<p>Ismael Garc\u00eda M.\/Zona Roja.<\/p>\n\n\n\n<p>Oaxaca de Ju\u00e1rez, Oax., 4 de julio de 2022.- Al menos ocho personas fueron ejecutadas a balazos este lunes en Oaxaca, en dos hechos distintos; entre las v\u00edctimas hay al menos dos menores de edad.<\/p>\n\n\n\n<p>Esta ma\u00f1ana en la carretera Mariscala de Ju\u00e1rez-Santiago Tamazola, en la regi\u00f3n Mixteca, sujetos armados atacaron a los ocupantes de un veh\u00edculo marca Nissan, tipo Platina, con placas de circulaci\u00f3n MXS-4832 del Estado de M\u00e9xico,&nbsp;<\/p>\n\n\n\n<p>Entre las v\u00edctimas fueron identificadas cinco personas, que son Roberto R. R., de 22 a\u00f1os de edad, originario de la poblaci\u00f3n de San Nicol\u00e1s Hidalgo; Suilma J. L. P., de 20 a\u00f1os, originaria de la poblaci\u00f3n de San Juan Trujano, Silacayo\u00e1pam.<\/p>\n\n\n\n<p>Adem\u00e1s, Daniela F. P., de 20 a\u00f1os de edad; Eymi F. P., de 17 a\u00f1os de edad, y Tomy F. P., de 7 a\u00f1os de edad, los tres originarios de San Francisco Tacache de Mina.&nbsp;<\/p>\n\n\n\n<p>De acuerdo con los primeros reportes policiales, en el sitio habr\u00edan localizado al menos 42 casquillos percutidos calibre .223; 9 casquillos percutidos calibre 7.62; dos casquillos percutidos calibre 22 y casquillo percutido calibre 38 especial.<\/p>\n\n\n\n<p>Mientras tanto, en San Francisco del Mar, localidad de la regi\u00f3n del Istmo de Tehuantepec, fueron \u201clevantadlos\u201d cuatro polic\u00edas municipales; los cuerpos sin vida de tres de ellos fueron localizados posteriormente en Playa Vicente, Juchit\u00e1n; uno m\u00e1s fue trasladado a un hospital.<\/p>\n","protected":false},"excerpt":{"rendered":"<p>Ismael Garc\u00eda M.\/Zona Roja. Oaxaca de Ju\u00e1rez, Oax., 4 de julio de 2022.- Al menos&hellip;<\/p>\n","protected":false},"author":2,"featured_media":43117,"comment_status":"closed","ping_status":"open","sticky":false,"template":"","format":"standard","meta":{"_lmt_disableupdate":"","_lmt_disable":"","_jetpack_memberships_contains_paid_content":false,"footnotes":""},"categories":[109,51],"tags":[],"class_list":["post-43116","post","type-post","status-publish","format-standard","has-post-thumbnail","hentry","category-minuto-a-minuto","category-zona-roja"],"jetpack_featured_media_url":"https:\/\/zonaroja.com.mx\/wp-content\/uploads\/2022\/07\/Familia-Ejecutada-Mixteca.jpg","jetpack_sharing_enabled":true,"_links":{"self":[{"href":"https:\/\/zonaroja.com.mx\/index.php?rest_route=\/wp\/v2\/posts\/43116","targetHints":{"allow":["GET"]}}],"collection":[{"href":"https:\/\/zonaroja.com.mx\/index.php?rest_route=\/wp\/v2\/posts"}],"about":[{"href":"https:\/\/zonaroja.com.mx\/index.php?rest_route=\/wp\/v2\/types\/post"}],"author":[{"embeddable":true,"href":"https:\/\/zonaroja.com.mx\/index.php?rest_route=\/wp\/v2\/users\/2"}],"replies":[{"embeddable":true,"href":"https:\/\/zonaroja.com.mx\/index.php?rest_route=%2Fwp%2Fv2%2Fcomments&post=43116"}],"version-history":[{"count":1,"href":"https:\/\/zonaroja.com.mx\/index.php?rest_route=\/wp\/v2\/posts\/43116\/revisions"}],"predecessor-version":[{"id":43118,"href":"https:\/\/zonaroja.com.mx\/index.php?rest_route=\/wp\/v2\/posts\/43116\/revisions\/43118"}],"wp:featuredmedia":[{"embeddable":true,"href":"https:\/\/zonaroja.com.mx\/index.php?rest_route=\/wp\/v2\/media\/43117"}],"wp:attachment":[{"href":"https:\/\/zonaroja.com.mx\/index.php?rest_route=%2Fwp%2Fv2%2Fmedia&parent=43116"}],"wp:term":[{"taxonomy":"category","embeddable":true,"href":"https:\/\/zonaroja.com.mx\/index.php?rest_route=%2Fwp%2Fv2%2Fcategories&post=43116"},{"taxonomy":"post_tag","embeddable":true,"href":"https:\/\/zonaroja.com.mx\/index.php?rest_route=%2Fwp%2Fv2%2Ftags&post=43116"}],"curies":[{"name":"wp","href":"https:\/\/api.w.org\/{rel}","templated":true}]}}