{"id":43120,"date":"2022-07-04T12:53:36","date_gmt":"2022-07-04T17:53:36","guid":{"rendered":"https:\/\/www.zonaroja.com.mx\/?p=43120"},"modified":"2022-07-04T12:53:37","modified_gmt":"2022-07-04T17:53:37","slug":"celula-delictiva-de-los-tapaneros-habria-asesinado-a-policias-en-san-francisco-del-mar","status":"publish","type":"post","link":"https:\/\/zonaroja.com.mx\/?p=43120","title":{"rendered":"C\u00e9lula delictiva de \u201cLos Tapaneros\u201d habr\u00eda asesinado a polic\u00edas en San Francisco del Mar"},"content":{"rendered":"\n<p>Redacci\u00f3n\/Zona Roja<\/p>\n\n\n\n<p>Oaxaca de Ju\u00e1rez, Oax., 4 de julio de 2022.- Integrantes de una c\u00e9lula delictiva identificada como \u201cLos Tapaneros\u201d, encabezada por Al\u00ed V\u00e1squez Cruz, habr\u00edan asesinado a los polic\u00edas de San Francisco del Mar, en represalia por la detenci\u00f3n de uno de sus miembros.&nbsp;<\/p>\n\n\n\n<p>Esta banda dedicada al tr\u00e1fico de migrantes y presuntamente tiene presencia en los municipios de San Francisco Ixhuat\u00e1n, Santo Domingo Zanatepec, San Pedro Tapanatepec y Reforma de Pineda, adem\u00e1s de San Francisco del Mar.<\/p>\n\n\n\n<p>A finales de mayo, la Secretar\u00eda de Seguridad P\u00fablica de Oaxaca (SSPO) inform\u00f3 sobre la detenci\u00f3n de Roger C. S., alias \u201cEl Rojo\u201d, presunto l\u00edder de la banda \u201cLos Tapaneros\u201d, dedicado al tr\u00e1fico de migrantes, drogas, y extorsiones que operaba en la regi\u00f3n del Istmo.<\/p>\n\n\n\n<p>TRES MUERTOS<\/p>\n\n\n\n<p>El triple homicidio se registr\u00f3 en las primeras horas de este lunes, cuando se encontr\u00f3 la patrulla de la corporaci\u00f3n quemada, pero sin integrantes en su interior. El grupo armado habr\u00eda rescatado a su integrante de la c\u00e1rcel municipal. <\/p>\n\n\n\n<p>Tres de los cuatro polic\u00edas fueron localizados sin vida en la carretera a la comunidad de Playa Vicente en Juchit\u00e1n de Zaragoza, mientras que uno m\u00e1s qued\u00f3 herido de bala y fue trasladado para su atenci\u00f3n m\u00e9dica.&nbsp;<\/p>\n\n\n\n<p>Las v\u00edctimas fueron identificadas como Juan V. M., Rolando Iv\u00e1n J. P. y Amir N.<\/p>\n\n\n\n<p>Tras los hechos, la comunidad se alert\u00f3 y se reuni\u00f3 en asamblea frente al Palacio Municipal.<\/p>\n\n\n\n<p>Este hecho vuelve a colocar a la regi\u00f3n del Istmo como una zona violenta, donde los ataques ya no se limitan a la lucha entre grupos, sino ahora, contra las mismas corporaciones de seguridad.&nbsp;<\/p>\n\n\n\n<p>Recientemente, el 28 de junio, estuvo presente en dicho municipio el gobernador electo, Salom\u00f3n Jara Cruz, como parte de su gira de agradecimiento.<\/p>\n","protected":false},"excerpt":{"rendered":"<p>Redacci\u00f3n\/Zona Roja Oaxaca de Ju\u00e1rez, Oax., 4 de julio de 2022.- Integrantes de una c\u00e9lula&hellip;<\/p>\n","protected":false},"author":2,"featured_media":43119,"comment_status":"closed","ping_status":"open","sticky":false,"template":"","format":"standard","meta":{"_lmt_disableupdate":"","_lmt_disable":"","_jetpack_memberships_contains_paid_content":false,"footnotes":""},"categories":[109,51],"tags":[954],"class_list":["post-43120","post","type-post","status-publish","format-standard","has-post-thumbnail","hentry","category-minuto-a-minuto","category-zona-roja","tag-san-francisco-del-mar"],"jetpack_featured_media_url":"https:\/\/zonaroja.com.mx\/wp-content\/uploads\/2022\/07\/28889986-1099-4e81-a859-6194e3d7db01.jpg","jetpack_sharing_enabled":true,"_links":{"self":[{"href":"https:\/\/zonaroja.com.mx\/index.php?rest_route=\/wp\/v2\/posts\/43120","targetHints":{"allow":["GET"]}}],"collection":[{"href":"https:\/\/zonaroja.com.mx\/index.php?rest_route=\/wp\/v2\/posts"}],"about":[{"href":"https:\/\/zonaroja.com.mx\/index.php?rest_route=\/wp\/v2\/types\/post"}],"author":[{"embeddable":true,"href":"https:\/\/zonaroja.com.mx\/index.php?rest_route=\/wp\/v2\/users\/2"}],"replies":[{"embeddable":true,"href":"https:\/\/zonaroja.com.mx\/index.php?rest_route=%2Fwp%2Fv2%2Fcomments&post=43120"}],"version-history":[{"count":1,"href":"https:\/\/zonaroja.com.mx\/index.php?rest_route=\/wp\/v2\/posts\/43120\/revisions"}],"predecessor-version":[{"id":43121,"href":"https:\/\/zonaroja.com.mx\/index.php?rest_route=\/wp\/v2\/posts\/43120\/revisions\/43121"}],"wp:featuredmedia":[{"embeddable":true,"href":"https:\/\/zonaroja.com.mx\/index.php?rest_route=\/wp\/v2\/media\/43119"}],"wp:attachment":[{"href":"https:\/\/zonaroja.com.mx\/index.php?rest_route=%2Fwp%2Fv2%2Fmedia&parent=43120"}],"wp:term":[{"taxonomy":"category","embeddable":true,"href":"https:\/\/zonaroja.com.mx\/index.php?rest_route=%2Fwp%2Fv2%2Fcategories&post=43120"},{"taxonomy":"post_tag","embeddable":true,"href":"https:\/\/zonaroja.com.mx\/index.php?rest_route=%2Fwp%2Fv2%2Ftags&post=43120"}],"curies":[{"name":"wp","href":"https:\/\/api.w.org\/{rel}","templated":true}]}}