{"id":43133,"date":"2022-07-04T20:48:30","date_gmt":"2022-07-05T01:48:30","guid":{"rendered":"http:\/\/www.zonaroja.com.mx\/?p=43133"},"modified":"2022-07-04T20:48:32","modified_gmt":"2022-07-05T01:48:32","slug":"inicia-proceso-de-relevo-de-comite-ejecutivo-de-seccion-22-crea-comision","status":"publish","type":"post","link":"https:\/\/zonaroja.com.mx\/?p=43133","title":{"rendered":"Inicia proceso de relevo de Comit\u00e9 Ejecutivo de Secci\u00f3n 22; crea comisi\u00f3n"},"content":{"rendered":"\n<p>Ismael Garc\u00eda M.\/Zona Roja.<\/p>\n\n\n\n<p>Oaxaca de Ju\u00e1rez, Oax., 4 de julio de 2022.- La Asamblea Estatal tem\u00e1tica de la Secci\u00f3n 22 del Sindicato Nacional de Trabajadores de la Educaci\u00f3n (SNTE) inici\u00f3 el proceso de relevo del Comit\u00e9 Ejecutivo Secci\u00f3nale, que a\u00fan encabeza Eloy L\u00f3pez Hern\u00e1ndez.<\/p>\n\n\n\n<p>Para ello, en la reuni\u00f3n que inici\u00f3 la tarde del s\u00e1bado y concluy\u00f3 alrededor de la media noche, design\u00f3 una Comisi\u00f3n de Seguimiento y Concreci\u00f3n del Relevo Secci\u00f3nale 2022.<\/p>\n\n\n\n<p>Est\u00e1 integrado por dos miembros de cada regi\u00f3n en que se divide la gremial y quienes a la vez no podr\u00e1n participar en el proceso de relevo secci\u00f3nale, a fin de no ser juez y parte.<\/p>\n\n\n\n<p>Adem\u00e1s, determinaron una segunda asamblea tem\u00e1tica, para el 30 de julio, a fin de abalizar y avalar el proyecto que presente la Comisi\u00f3n de Seguimiento y Concreci\u00f3n para el Relevo Seccional.<\/p>\n\n\n\n<p>Quienes integran dicha comisi\u00f3n son Daniel Barbosa Nieto y Valentina Ruiz Arellanes, por la Ca\u00f1ada; Pedro Hern\u00e1ndez Arag\u00f3n y Montserrath Cruz Navarrete, por la Costa.<\/p>\n\n\n\n<p>Alberto Toledo Ruiz y Julio C\u00e9sar Villalobos Aquino, por el Istmo; Eber Mendoza Garc\u00eda y Ra\u00fal Garc\u00eda Mart\u00ednez, por la Mixteca; Izara Miguel Mart\u00ednez y Bertoldo Hern\u00e1ndez Mart\u00ednez, por la Sierra.<\/p>\n\n\n\n<p>Jos\u00e9 H\u00e9ctor Valdivia y Sandra del R\u00edo Cobos, por Tuxtepec, y Miguel \u00c1ngel Gonz\u00e1lez Mayoral y Edwar P\u00e9rez Mart\u00ednez, por Valles Centrales.<\/p>\n\n\n\n<figure class=\"wp-block-embed is-type-rich is-provider-twitter wp-block-embed-twitter\"><div class=\"wp-block-embed__wrapper\">\n<div class=\"twitter-tweet\"><blockquote class=\"twitter-tweet\" data-lang=\"es\"><p lang=\"es\" dir=\"ltr\">Acuerdos, Tareas, Pronunciamientos y Plan de Acci\u00f3n emanados de la Asamblea Estatal Tem\u00e1tica celebrada el 02 de julio de\u00a02022 <a href=\"https:\/\/t.co\/OsvsftEV9R\">https:\/\/t.co\/OsvsftEV9R<\/a><\/p>&mdash; Cencos22 (@Seccion22Cencos) <a href=\"https:\/\/twitter.com\/Seccion22Cencos\/status\/1543816234428399616?ref_src=twsrc%5Etfw\">4 de julio de 2022<\/a><\/blockquote><\/div>\n<\/div><\/figure>\n","protected":false},"excerpt":{"rendered":"<p>Ismael Garc\u00eda M.\/Zona Roja. Oaxaca de Ju\u00e1rez, Oax., 4 de julio de 2022.- La Asamblea&hellip;<\/p>\n","protected":false},"author":2,"featured_media":43134,"comment_status":"closed","ping_status":"open","sticky":false,"template":"","format":"standard","meta":{"_lmt_disableupdate":"","_lmt_disable":"","_jetpack_memberships_contains_paid_content":false,"footnotes":""},"categories":[109,46],"tags":[312],"class_list":["post-43133","post","type-post","status-publish","format-standard","has-post-thumbnail","hentry","category-minuto-a-minuto","category-zona-blanca","tag-seccion-22-del-snte"],"jetpack_featured_media_url":"https:\/\/zonaroja.com.mx\/wp-content\/uploads\/2022\/07\/Asamblea-Estatal-tematica-Seccion-22.jpg","jetpack_sharing_enabled":true,"_links":{"self":[{"href":"https:\/\/zonaroja.com.mx\/index.php?rest_route=\/wp\/v2\/posts\/43133","targetHints":{"allow":["GET"]}}],"collection":[{"href":"https:\/\/zonaroja.com.mx\/index.php?rest_route=\/wp\/v2\/posts"}],"about":[{"href":"https:\/\/zonaroja.com.mx\/index.php?rest_route=\/wp\/v2\/types\/post"}],"author":[{"embeddable":true,"href":"https:\/\/zonaroja.com.mx\/index.php?rest_route=\/wp\/v2\/users\/2"}],"replies":[{"embeddable":true,"href":"https:\/\/zonaroja.com.mx\/index.php?rest_route=%2Fwp%2Fv2%2Fcomments&post=43133"}],"version-history":[{"count":1,"href":"https:\/\/zonaroja.com.mx\/index.php?rest_route=\/wp\/v2\/posts\/43133\/revisions"}],"predecessor-version":[{"id":43135,"href":"https:\/\/zonaroja.com.mx\/index.php?rest_route=\/wp\/v2\/posts\/43133\/revisions\/43135"}],"wp:featuredmedia":[{"embeddable":true,"href":"https:\/\/zonaroja.com.mx\/index.php?rest_route=\/wp\/v2\/media\/43134"}],"wp:attachment":[{"href":"https:\/\/zonaroja.com.mx\/index.php?rest_route=%2Fwp%2Fv2%2Fmedia&parent=43133"}],"wp:term":[{"taxonomy":"category","embeddable":true,"href":"https:\/\/zonaroja.com.mx\/index.php?rest_route=%2Fwp%2Fv2%2Fcategories&post=43133"},{"taxonomy":"post_tag","embeddable":true,"href":"https:\/\/zonaroja.com.mx\/index.php?rest_route=%2Fwp%2Fv2%2Ftags&post=43133"}],"curies":[{"name":"wp","href":"https:\/\/api.w.org\/{rel}","templated":true}]}}