{"id":43136,"date":"2022-07-04T21:03:44","date_gmt":"2022-07-05T02:03:44","guid":{"rendered":"http:\/\/www.zonaroja.com.mx\/?p=43136"},"modified":"2022-07-04T21:03:46","modified_gmt":"2022-07-05T02:03:46","slug":"desdice-ex-director-de-seguridad-publica-de-la-capital-a-martinez-neri-sobre-informe","status":"publish","type":"post","link":"https:\/\/zonaroja.com.mx\/?p=43136","title":{"rendered":"Desdice ex director de Seguridad P\u00fablica de la capital a Mart\u00ednez Neri sobre informe"},"content":{"rendered":"\n<p>Yuridiana Sosa\/ Zona Roja.<\/p>\n\n\n\n<p>Oaxaca de Ju\u00e1rez, Oax., a 4 de julio de 2022.- Las deficiencias en la operaci\u00f3n de la Polic\u00eda Municipal de Oaxaca de Ju\u00e1rez, irregularidades administrativas y condiciones deplorables del cuartel que se\u00f1al\u00f3 el edil Francisco Mart\u00ednez Neri durante un informe, fueron contradichas por el ex Director de Seguridad P\u00fablica, Vialidad y Protecci\u00f3n Ciudadana del Municipio, Marcos Freddy Hern\u00e1ndez L\u00f3pez.<\/p>\n\n\n\n<p>Por medio de un pronunciamiento p\u00fablico, el ex funcionario municipal de la capital apunt\u00f3 que existen pruebas del cumplimiento de un proceso de entrega-recepci\u00f3n por parte del \u00e1rea de la que estuvo a cargo durante el a\u00f1o 2021 y en el cual no hubo reserva de informaci\u00f3n, como refiri\u00f3 el presidente municipal el pasado 28 de junio.<\/p>\n\n\n\n<p>Respecto a las instalaciones, asegur\u00f3 que hay evidencias que se entregaron limpias, en buen estado f\u00edsico y funcionales, pues Mart\u00ednez Neri refiri\u00f3 que eran deplorables.<\/p>\n\n\n\n<p>Todo el armamento, dijo, se encontraba debidamente resguardado en el dep\u00f3sito de armas y cumplieron con inspecci\u00f3n a cargo de la Secretar\u00eda de la Defensa Nacional y no se detectaron anomal\u00edas.<\/p>\n\n\n\n<p>Aclar\u00f3 que la Unidad Jur\u00eddica entreg\u00f3 las carpetas de investigaci\u00f3n correspondientes a las unidades de motor con status de robo, y derivado del cambio del titular de la Subdirecci\u00f3n de Vialidad, quien funge en la actualidad como concejal y para deslindar todo tipo de responsabilidad, sobre las unidades en los encierros, solicit\u00f3 a la consejer\u00eda jur\u00eddica se interpusiera denuncia contra quien o quienes resultaran responsables del delito de robo.<\/p>\n\n\n\n<p>La administraci\u00f3n de Oswaldo Garc\u00eda Jarqu\u00edn, recibi\u00f3 el Centro de Control y Comando (C2) deshabilitado y durante la administraci\u00f3n 2019-2021 no existi\u00f3 recurso o partida presupuestal para rehabilitarlo, reconoci\u00f3 Hern\u00e1ndez L\u00f3pez.<\/p>\n\n\n\n<p>Mientras que, en uniformes, neg\u00f3 que no se hayan entregado o se registren irregularidades, pues \u201ccomo nunca antes\u201d se entregaron uniformes y escudos de sector a \u00e1reas administrativas, como prevenci\u00f3n del delito y a diversos agrupamientos, excepto a personal que se encontraba en cuarentena.<\/p>\n\n\n\n<p>Pero para el a\u00f1o 2021 se redujo la adquisici\u00f3n de estos ante la eliminaci\u00f3n del presupuesto del programa Fortaseg.<\/p>\n\n\n\n<p>Respecto a las plazas y el personal comisionado o en cuarentena por pandemia, se\u00f1al\u00f3 que aplicaron conforme a ley y de lo cual tiene conocimiento el entonces Subdirector de Proximidad, Taurino L\u00f3pez, tambi\u00e9n es mando en la actual administraci\u00f3n.<\/p>\n\n\n\n<p>El ex director de seguridad manifest\u00f3 que estos puntos los present\u00f3 por escrito en diversas \u00e1reas de la actual administraci\u00f3n.<\/p>\n\n\n\n<p>\u201cIncluso me he presentado de buena fe, pese a requerimientos extempor\u00e1neos y de procesos inexistentes, en las instalaciones de la ahora Secretar\u00eda, donde no han tenido la educaci\u00f3n de recibirme personalmente para hacer de mi conocimiento las supuestas irregularidades dej\u00e1ndome en completo estado de indefensi\u00f3n; todo lo anterior certificado ante la fe p\u00fablica del Notario P\u00fablico n\u00famero 100 del Estado, maestro en Derecho Arturo David V\u00e1squez Urdiales\u201d, indic\u00f3 el ahora responsable de la seguridad en Santa Luc\u00eda del Camino.<\/p>\n","protected":false},"excerpt":{"rendered":"<p>Yuridiana Sosa\/ Zona Roja. Oaxaca de Ju\u00e1rez, Oax., a 4 de julio de 2022.- Las&hellip;<\/p>\n","protected":false},"author":2,"featured_media":38770,"comment_status":"closed","ping_status":"open","sticky":false,"template":"","format":"standard","meta":{"_lmt_disableupdate":"","_lmt_disable":"","_jetpack_memberships_contains_paid_content":false,"footnotes":""},"categories":[109,46],"tags":[3180],"class_list":["post-43136","post","type-post","status-publish","format-standard","has-post-thumbnail","hentry","category-minuto-a-minuto","category-zona-blanca","tag-marcos-fredy-hernandez"],"jetpack_featured_media_url":"https:\/\/zonaroja.com.mx\/wp-content\/uploads\/2022\/03\/Marcos-Fredy-Hernandez.jpg","jetpack_sharing_enabled":true,"_links":{"self":[{"href":"https:\/\/zonaroja.com.mx\/index.php?rest_route=\/wp\/v2\/posts\/43136","targetHints":{"allow":["GET"]}}],"collection":[{"href":"https:\/\/zonaroja.com.mx\/index.php?rest_route=\/wp\/v2\/posts"}],"about":[{"href":"https:\/\/zonaroja.com.mx\/index.php?rest_route=\/wp\/v2\/types\/post"}],"author":[{"embeddable":true,"href":"https:\/\/zonaroja.com.mx\/index.php?rest_route=\/wp\/v2\/users\/2"}],"replies":[{"embeddable":true,"href":"https:\/\/zonaroja.com.mx\/index.php?rest_route=%2Fwp%2Fv2%2Fcomments&post=43136"}],"version-history":[{"count":1,"href":"https:\/\/zonaroja.com.mx\/index.php?rest_route=\/wp\/v2\/posts\/43136\/revisions"}],"predecessor-version":[{"id":43137,"href":"https:\/\/zonaroja.com.mx\/index.php?rest_route=\/wp\/v2\/posts\/43136\/revisions\/43137"}],"wp:featuredmedia":[{"embeddable":true,"href":"https:\/\/zonaroja.com.mx\/index.php?rest_route=\/wp\/v2\/media\/38770"}],"wp:attachment":[{"href":"https:\/\/zonaroja.com.mx\/index.php?rest_route=%2Fwp%2Fv2%2Fmedia&parent=43136"}],"wp:term":[{"taxonomy":"category","embeddable":true,"href":"https:\/\/zonaroja.com.mx\/index.php?rest_route=%2Fwp%2Fv2%2Fcategories&post=43136"},{"taxonomy":"post_tag","embeddable":true,"href":"https:\/\/zonaroja.com.mx\/index.php?rest_route=%2Fwp%2Fv2%2Ftags&post=43136"}],"curies":[{"name":"wp","href":"https:\/\/api.w.org\/{rel}","templated":true}]}}