{"id":43138,"date":"2022-07-04T22:24:11","date_gmt":"2022-07-05T03:24:11","guid":{"rendered":"http:\/\/www.zonaroja.com.mx\/?p=43138"},"modified":"2022-07-04T22:24:13","modified_gmt":"2022-07-05T03:24:13","slug":"revelan-complicidad-de-pavel-lopez-en-presuntos-desfalcos-en-oaxaca-de-juarez","status":"publish","type":"post","link":"https:\/\/zonaroja.com.mx\/?p=43138","title":{"rendered":"Revelan complicidad de P\u00e1vel L\u00f3pez en presuntos desfalcos en Oaxaca de Ju\u00e1rez"},"content":{"rendered":"\n<p>Redacci\u00f3n\/Zona Roja.<\/p>\n\n\n\n<p>Oaxaca de Ju\u00e1rez, Oax., 4 de julio de 2022.- Tras los se\u00f1alamientos del presidente municipal de Oaxaca de Ju\u00e1rez, Francisco Mart\u00ednez Neri por la deuda de 386 millones de pesos que hered\u00f3 de Oswaldo Garcia Jarqu\u00edn, el ex edil asegur\u00f3 que a\u00fan hay en el Cabildo funcionarios de su administraci\u00f3n.<\/p>\n\n\n\n<p>Tal es el caso de P\u00e1vel Renato L\u00f3pez G\u00f3mez, actual regidor de Obras, quien es acusado por sus propios ex compa\u00f1eros de complicidad.<\/p>\n\n\n\n<p>\u201cEn su Cabildo hay concejales y funcionarios que operan por su cuenta o por consigna externa\u201d, dijo Garc\u00eda Jarqu\u00edn al actual presidente municipal, en referencia a L\u00f3pez G\u00f3mez, entre otros funcionarios heredados.<\/p>\n\n\n\n<p>No obstante, Mart\u00ednez Neri no se ha pronunciado a favor o en contra de sus actuales colaboradores que hered\u00f3 de Oswaldo Garcia Jarqu\u00edn y que siguen cobrando altas dietas, de alrededor de 80 mil pesos mensuales, como es el caso de P\u00e1vel L\u00f3pez.<\/p>\n\n\n\n<p>En el trienio pasado, esta persona tambi\u00e9n fue concejal y estuvo al tanto de las presuntas irregularidades cometidas por el entonces edil, surgido del Partido Morena.<\/p>\n\n\n\n<p>Sin embargo, lo \u00fanico que ha atinado a decir es que se investigue y castigue, pero sin aportar datos de acciones que atestigu\u00f3 en el anterior ayuntamiento.<\/p>\n\n\n\n<p>Por lo cual colaboradores cercanos a Mart\u00ednez Neri piden indagar y sancionar no solamente a Garc\u00eda Jarqu\u00edn, sino tambi\u00e9n a quienes trabajaron con \u00e9l de manera cercana.<\/p>\n","protected":false},"excerpt":{"rendered":"<p>Redacci\u00f3n\/Zona Roja. Oaxaca de Ju\u00e1rez, Oax., 4 de julio de 2022.- Tras los se\u00f1alamientos del&hellip;<\/p>\n","protected":false},"author":2,"featured_media":43139,"comment_status":"closed","ping_status":"open","sticky":false,"template":"","format":"standard","meta":{"_lmt_disableupdate":"","_lmt_disable":"","_jetpack_memberships_contains_paid_content":false,"footnotes":""},"categories":[109,47],"tags":[437],"class_list":["post-43138","post","type-post","status-publish","format-standard","has-post-thumbnail","hentry","category-minuto-a-minuto","category-zona-gris","tag-pavel-lopez-gomez-sesesp"],"jetpack_featured_media_url":"https:\/\/zonaroja.com.mx\/wp-content\/uploads\/2022\/07\/Pavel-Gomez.jpeg","jetpack_sharing_enabled":true,"_links":{"self":[{"href":"https:\/\/zonaroja.com.mx\/index.php?rest_route=\/wp\/v2\/posts\/43138","targetHints":{"allow":["GET"]}}],"collection":[{"href":"https:\/\/zonaroja.com.mx\/index.php?rest_route=\/wp\/v2\/posts"}],"about":[{"href":"https:\/\/zonaroja.com.mx\/index.php?rest_route=\/wp\/v2\/types\/post"}],"author":[{"embeddable":true,"href":"https:\/\/zonaroja.com.mx\/index.php?rest_route=\/wp\/v2\/users\/2"}],"replies":[{"embeddable":true,"href":"https:\/\/zonaroja.com.mx\/index.php?rest_route=%2Fwp%2Fv2%2Fcomments&post=43138"}],"version-history":[{"count":1,"href":"https:\/\/zonaroja.com.mx\/index.php?rest_route=\/wp\/v2\/posts\/43138\/revisions"}],"predecessor-version":[{"id":43140,"href":"https:\/\/zonaroja.com.mx\/index.php?rest_route=\/wp\/v2\/posts\/43138\/revisions\/43140"}],"wp:featuredmedia":[{"embeddable":true,"href":"https:\/\/zonaroja.com.mx\/index.php?rest_route=\/wp\/v2\/media\/43139"}],"wp:attachment":[{"href":"https:\/\/zonaroja.com.mx\/index.php?rest_route=%2Fwp%2Fv2%2Fmedia&parent=43138"}],"wp:term":[{"taxonomy":"category","embeddable":true,"href":"https:\/\/zonaroja.com.mx\/index.php?rest_route=%2Fwp%2Fv2%2Fcategories&post=43138"},{"taxonomy":"post_tag","embeddable":true,"href":"https:\/\/zonaroja.com.mx\/index.php?rest_route=%2Fwp%2Fv2%2Ftags&post=43138"}],"curies":[{"name":"wp","href":"https:\/\/api.w.org\/{rel}","templated":true}]}}