{"id":4315,"date":"2019-09-26T21:47:59","date_gmt":"2019-09-27T02:47:59","guid":{"rendered":"http:\/\/www.zonaroja.com.mx\/?p=4315"},"modified":"2019-09-26T21:48:01","modified_gmt":"2019-09-27T02:48:01","slug":"mientras-titular-remodela-oficinas-y-fiscalia-gasta-en-viaticos-restringen-gastos-a-aei","status":"publish","type":"post","link":"https:\/\/zonaroja.com.mx\/?p=4315","title":{"rendered":"Mientras titular remodela oficinas y Fiscal\u00eda gasta en vi\u00e1ticos, restringen gastos a AEI"},"content":{"rendered":"\n<p>Redacci\u00f3n\/Zona\nRoja.<\/p>\n\n\n\n<p>Oaxaca de\nJu\u00e1rez, Oax., 26 de septiembre de 2019.- El \u00e1rea administrativa de la Agencia\nEstatal de Investigaciones (AEI) de la Fiscal\u00eda General del Estado de Oaxaca\n(FGEO), restringi\u00f3 a\u00fan m\u00e1s los materiales y equipos para el personal de campo,\nlo que comenz\u00f3 a generar inconformidad entre la tropa.<\/p>\n\n\n\n<p>M\u00e1s a\u00fan\nporque el titular de la AEI, el ex polic\u00eda federal Jos\u00e9 Alfredo \u00c1lvarez G\u00f3mez \u2013quien\ntom\u00f3 posesi\u00f3n del cargo el 25 de junio en sustituci\u00f3n de Antonio Yglesias\nArreola&#8211;, reci\u00e9n remodel\u00f3 su oficina hasta convertirla en un b\u00fanker, seg\u00fan\ndenunciaron.<\/p>\n\n\n\n<p>Adem\u00e1s, los excesivos vi\u00e1ticos para una gran cantidad de personal de la Fiscal\u00eda General, principalmente mandos medios y superiores, que desde ayer comenz\u00f3 a trasladarse a la Costa de Oaxaca, para una audiencia p\u00fablica que dar\u00e1 el fiscal Rub\u00e9n Vasconcelos, \u201ccomo se tratara de campa\u00f1a pol\u00edtica\u201d, seg\u00fan dieron a conocer a trav\u00e9s de las redes sociales.<\/p>\n\n\n\n<figure class=\"wp-block-image\"><img decoding=\"async\" width=\"712\" height=\"1024\" src=\"http:\/\/www.zonaroja.com.mx\/wp-content\/uploads\/2019\/09\/PHOTO-2019-09-26-21-08-33-712x1024.jpg\" alt=\"\" class=\"wp-image-4316\" srcset=\"https:\/\/zonaroja.com.mx\/wp-content\/uploads\/2019\/09\/PHOTO-2019-09-26-21-08-33.jpg 712w, https:\/\/zonaroja.com.mx\/wp-content\/uploads\/2019\/09\/PHOTO-2019-09-26-21-08-33-209x300.jpg 209w, https:\/\/zonaroja.com.mx\/wp-content\/uploads\/2019\/09\/PHOTO-2019-09-26-21-08-33-585x841.jpg 585w\" sizes=\"(max-width: 712px) 100vw, 712px\" \/><\/figure>\n\n\n\n<p>De acuerdo\ncon una circular de fecha 19 de septiembre y firmada por Jorge Alberto Cruz\nL\u00f3pez, jefe de la Unidad Administrativa y de Carrera Policial, la medida se\ndebe a la \u201cimportante reducci\u00f3n del gasto p\u00fablico a la Fiscal\u00eda General por\nparte del Congreso del Estado\u201d.<\/p>\n\n\n\n<p>Lo que\nobliga a la racionalizaci\u00f3n de los recursos para hacer de la AEI \u201cuna\ncorporaci\u00f3n policial comprometida y as\u00ed ganar la confianza de la sociedad\u201d.<\/p>\n\n\n\n<p>Asimismo, \u201cel\nobjetivo de este Plan de Racionalizaci\u00f3n del Gasto Operativo es garantizar la\nviabilidad de la AEI ante el previsible empeoramiento del escenario\necon\u00f3mico-financiero al que se va a tener que enfrentar los pr\u00f3ximos meses del\na\u00f1o en curso\u201d.<\/p>\n\n\n\n<p>Las medidas\ncomprenden la reducci\u00f3n de insumos y consumibles de equipo de oficina; ahorro\nen el consumo energ\u00e9tico y de agua; optimizaci\u00f3n del recurso humano y\nlig\u00edstico.<\/p>\n\n\n\n<p>Lo que en t\u00e9rminos pr\u00e1cticos se traducir\u00eda en el uso racional de las hojas de papel, \u201cpotencializar el uso del papel reciclado\u201d, evitar imprimir en impresoras de inyecci\u00f3n de tinta a color, minimizar el env\u00edo de informaci\u00f3n en papel y usar de preferencia el correo electr\u00f3nico.<\/p>\n\n\n\n<figure class=\"wp-block-image\"><img decoding=\"async\" width=\"737\" height=\"1024\" src=\"http:\/\/www.zonaroja.com.mx\/wp-content\/uploads\/2019\/09\/PHOTO-2019-09-26-21-08-51-737x1024.jpg\" alt=\"\" class=\"wp-image-4317\" srcset=\"https:\/\/zonaroja.com.mx\/wp-content\/uploads\/2019\/09\/PHOTO-2019-09-26-21-08-51.jpg 737w, https:\/\/zonaroja.com.mx\/wp-content\/uploads\/2019\/09\/PHOTO-2019-09-26-21-08-51-216x300.jpg 216w, https:\/\/zonaroja.com.mx\/wp-content\/uploads\/2019\/09\/PHOTO-2019-09-26-21-08-51-585x813.jpg 585w\" sizes=\"(max-width: 737px) 100vw, 737px\" \/><\/figure>\n\n\n\n<p>Recomienda\nigualmente hacer el menor uso de veh\u00edculos de motor y evitar traslados\nconstantes a Ciudad Judicial, sede de la Fiscal\u00eda General del Estado y del\nPoder Judicial.<\/p>\n\n\n\n<p>Sin embargo,\na trav\u00e9s de rede sociales, los agentes de la AEI comenzaron a gestar una\ninconformidad y posible paro de labores, debido a que ya de por s\u00ed ten\u00edan una\nserie de restricciones.<\/p>\n\n\n\n<p>\u201cTenemos que\npedir a la gente para gasolina, tenemos que poner de nuestra bolsa para\nfotocopias, usar taxis o mototaxis, poner saldo a nuestro tel\u00e9fono\u2026 mientras\nlos jefes, el fiscal principalmente, se traslada constantemente a las regiones en\navi\u00f3n o helic\u00f3ptero, mientras el director de la AEI ampli\u00f3 y remodel\u00f3 sus\noficinas y contrat\u00f3 m\u00e1s personal, todos de la ex Polic\u00eda Federal\u201d.<\/p>\n","protected":false},"excerpt":{"rendered":"<p>Redacci\u00f3n\/Zona Roja. Oaxaca de Ju\u00e1rez, Oax., 26 de septiembre de 2019.- El \u00e1rea administrativa de&hellip;<\/p>\n","protected":false},"author":2,"featured_media":4318,"comment_status":"closed","ping_status":"open","sticky":false,"template":"","format":"standard","meta":{"_lmt_disableupdate":"","_lmt_disable":"","_jetpack_memberships_contains_paid_content":false,"footnotes":""},"categories":[109,47],"tags":[82,494],"class_list":["post-4315","post","type-post","status-publish","format-standard","has-post-thumbnail","hentry","category-minuto-a-minuto","category-zona-gris","tag-agencia-estatal-de-investigaciones","tag-fiscalia-general-del-estado-de-oaxaca"],"jetpack_featured_media_url":"https:\/\/zonaroja.com.mx\/wp-content\/uploads\/2019\/09\/PHOTO-2019-09-26-21-11-52.jpg","jetpack_sharing_enabled":true,"_links":{"self":[{"href":"https:\/\/zonaroja.com.mx\/index.php?rest_route=\/wp\/v2\/posts\/4315","targetHints":{"allow":["GET"]}}],"collection":[{"href":"https:\/\/zonaroja.com.mx\/index.php?rest_route=\/wp\/v2\/posts"}],"about":[{"href":"https:\/\/zonaroja.com.mx\/index.php?rest_route=\/wp\/v2\/types\/post"}],"author":[{"embeddable":true,"href":"https:\/\/zonaroja.com.mx\/index.php?rest_route=\/wp\/v2\/users\/2"}],"replies":[{"embeddable":true,"href":"https:\/\/zonaroja.com.mx\/index.php?rest_route=%2Fwp%2Fv2%2Fcomments&post=4315"}],"version-history":[{"count":1,"href":"https:\/\/zonaroja.com.mx\/index.php?rest_route=\/wp\/v2\/posts\/4315\/revisions"}],"predecessor-version":[{"id":4319,"href":"https:\/\/zonaroja.com.mx\/index.php?rest_route=\/wp\/v2\/posts\/4315\/revisions\/4319"}],"wp:featuredmedia":[{"embeddable":true,"href":"https:\/\/zonaroja.com.mx\/index.php?rest_route=\/wp\/v2\/media\/4318"}],"wp:attachment":[{"href":"https:\/\/zonaroja.com.mx\/index.php?rest_route=%2Fwp%2Fv2%2Fmedia&parent=4315"}],"wp:term":[{"taxonomy":"category","embeddable":true,"href":"https:\/\/zonaroja.com.mx\/index.php?rest_route=%2Fwp%2Fv2%2Fcategories&post=4315"},{"taxonomy":"post_tag","embeddable":true,"href":"https:\/\/zonaroja.com.mx\/index.php?rest_route=%2Fwp%2Fv2%2Ftags&post=4315"}],"curies":[{"name":"wp","href":"https:\/\/api.w.org\/{rel}","templated":true}]}}