{"id":43150,"date":"2022-07-05T06:49:57","date_gmt":"2022-07-05T11:49:57","guid":{"rendered":"http:\/\/www.zonaroja.com.mx\/?p=43150"},"modified":"2022-07-05T06:49:58","modified_gmt":"2022-07-05T11:49:58","slug":"inicia-hoy-en-oaxaca-vacunacion-masiva-para-menores-de-edad","status":"publish","type":"post","link":"https:\/\/zonaroja.com.mx\/?p=43150","title":{"rendered":"Inicia hoy en Oaxaca vacunaci\u00f3n masiva para menores de edad"},"content":{"rendered":"\n<p>Redacci\u00f3n\/Zona Roja.<\/p>\n\n\n\n<p>Oaxaca de Ju\u00e1rez, Oax., a 5 de julio de 2022.- La dependencia Servicios de Salud de Oaxaca (SSO) inform\u00f3 que este 5 de julio arranca en la entidad la jornada de inmunizaci\u00f3n a ni\u00f1as y ni\u00f1os de 5 a 11 a\u00f1os de edad, en todas las instituciones del sector salud.<\/p>\n\n\n\n<p>En un comunicado, detall\u00f3 que como parte de la Estrategia Nacional se da continuidad al plan de inmunizar a la poblaci\u00f3n mexicana que as\u00ed lo desee y en concordancia a las recomendaciones internacionales de la Organizaci\u00f3n Mundial de la Salud (OMS).<\/p>\n\n\n\n<p>Se\u00f1al\u00f3 que inicialmente se aplicar\u00e1n 132 mil primeras dosis de la farmac\u00e9utica Pfizer BioNTech a menores de 5 a 11 a\u00f1os de edad en la entidad y tambi\u00e9n 101 mil 64 primeras dosis del mismo biol\u00f3gico a las y los adolescentes de 12 a 17 a\u00f1os.<\/p>\n\n\n\n<p>Dijo que en esta primera fase apegada al Programa de Vacunaci\u00f3n Universal, se activar\u00e1n aproximadamente 100 puntos de inmunizaci\u00f3n ubicados en unidades m\u00e9dicas para un mejor acceso y menor tiempo de espera para que esta poblaci\u00f3n sea vacunada.<\/p>\n\n\n\n<p>Refiri\u00f3 la importancia de la inoculaci\u00f3n en la ni\u00f1ez y adolescencia, as\u00ed como en las personas mayores de 18 a\u00f1os, ya que las vacunas disminuyen el riesgo de desarrollar la enfermedad grave e incluso la muerte, en quienes ya cuentan con su esquema completo.<\/p>\n\n\n\n<p>Indic\u00f3 que la aplicaci\u00f3n del biol\u00f3gico es una estrategia m\u00e1s que forma parte de las medidas de prevenci\u00f3n que hasta el d\u00eda de hoy se deben seguir aplicando, como son: el uso correcto del cubrebocas, lavado de manos con agua jab\u00f3n o con soluciones alcoholadas al 70%, priorizar lugares abiertos y espacios bien ventilados.<\/p>\n\n\n\n<p>La dependencia enfatiz\u00f3 que la pandemia por Covid-19 contin\u00faa, observ\u00e1ndose un incremento considerable en el n\u00famero de casos nuevos, por lo que es importante reforzar los protocolos sanitarios.<\/p>\n\n\n\n<p>Asimismo, exhort\u00f3 a los padres y madres de familia, para que lleven a sus hijos a vacunar y \u201chagamos de esta jornada un proceso de prevenci\u00f3n que coadyuve a una mejor salud de nuestras ni\u00f1as y ni\u00f1os Oaxaque\u00f1os\u201d.<\/p>\n\n\n\n<p>Record\u00f3 a la poblaci\u00f3n, estar pendientes de la informaci\u00f3n emitida por el sector Salud para los puntos de inmunizaci\u00f3n que se activar\u00e1n en los pr\u00f3ximos d\u00edas y horarios de aplicaci\u00f3n.<\/p>\n","protected":false},"excerpt":{"rendered":"<p>Redacci\u00f3n\/Zona Roja. Oaxaca de Ju\u00e1rez, Oax., a 5 de julio de 2022.- La dependencia Servicios&hellip;<\/p>\n","protected":false},"author":2,"featured_media":34386,"comment_status":"closed","ping_status":"open","sticky":false,"template":"","format":"standard","meta":{"_lmt_disableupdate":"","_lmt_disable":"","_jetpack_memberships_contains_paid_content":false,"footnotes":""},"categories":[109,46],"tags":[1512],"class_list":["post-43150","post","type-post","status-publish","format-standard","has-post-thumbnail","hentry","category-minuto-a-minuto","category-zona-blanca","tag-coronavirus-oaxaca"],"jetpack_featured_media_url":"https:\/\/zonaroja.com.mx\/wp-content\/uploads\/2021\/11\/Vacunacion-Covid-menores-Mexico.jpeg","jetpack_sharing_enabled":true,"_links":{"self":[{"href":"https:\/\/zonaroja.com.mx\/index.php?rest_route=\/wp\/v2\/posts\/43150","targetHints":{"allow":["GET"]}}],"collection":[{"href":"https:\/\/zonaroja.com.mx\/index.php?rest_route=\/wp\/v2\/posts"}],"about":[{"href":"https:\/\/zonaroja.com.mx\/index.php?rest_route=\/wp\/v2\/types\/post"}],"author":[{"embeddable":true,"href":"https:\/\/zonaroja.com.mx\/index.php?rest_route=\/wp\/v2\/users\/2"}],"replies":[{"embeddable":true,"href":"https:\/\/zonaroja.com.mx\/index.php?rest_route=%2Fwp%2Fv2%2Fcomments&post=43150"}],"version-history":[{"count":1,"href":"https:\/\/zonaroja.com.mx\/index.php?rest_route=\/wp\/v2\/posts\/43150\/revisions"}],"predecessor-version":[{"id":43151,"href":"https:\/\/zonaroja.com.mx\/index.php?rest_route=\/wp\/v2\/posts\/43150\/revisions\/43151"}],"wp:featuredmedia":[{"embeddable":true,"href":"https:\/\/zonaroja.com.mx\/index.php?rest_route=\/wp\/v2\/media\/34386"}],"wp:attachment":[{"href":"https:\/\/zonaroja.com.mx\/index.php?rest_route=%2Fwp%2Fv2%2Fmedia&parent=43150"}],"wp:term":[{"taxonomy":"category","embeddable":true,"href":"https:\/\/zonaroja.com.mx\/index.php?rest_route=%2Fwp%2Fv2%2Fcategories&post=43150"},{"taxonomy":"post_tag","embeddable":true,"href":"https:\/\/zonaroja.com.mx\/index.php?rest_route=%2Fwp%2Fv2%2Ftags&post=43150"}],"curies":[{"name":"wp","href":"https:\/\/api.w.org\/{rel}","templated":true}]}}