{"id":43152,"date":"2022-07-05T07:24:33","date_gmt":"2022-07-05T12:24:33","guid":{"rendered":"http:\/\/www.zonaroja.com.mx\/?p=43152"},"modified":"2022-07-05T07:24:34","modified_gmt":"2022-07-05T12:24:34","slug":"detienen-a-cuatro-en-san-francisco-del-mar-estarian-implicados-en-asesinato-de-policias","status":"publish","type":"post","link":"https:\/\/zonaroja.com.mx\/?p=43152","title":{"rendered":"Detienen a cuatro en San Francisco del Mar; estar\u00edan implicados en asesinato de polic\u00edas"},"content":{"rendered":"\n<p>Redacci\u00f3n\/Zona Roja.<\/p>\n\n\n\n<p>Tras el asesinato de tres polic\u00edas municipales de San Francisco del Mar, corporaciones estatales y federales efectuaron un amplio operativo en la zona huave.<\/p>\n\n\n\n<p>Como resultado del despliegue de personal de la Secretar\u00eda de Seguridad P\u00fablica de Oaxaca, la Fiscal\u00eda General del Estado, la Guardia Nacional y Secretar\u00eda de la Defensa Nacional realiz\u00f3 la detenci\u00f3n de cuatro personas por presuntos delitos contra la salud.&nbsp;<\/p>\n\n\n\n<p>Se trata de Germ\u00e1n J. S. D., C\u00e9sar F. N. J., alias el \u201cChecha\u201d; Francisco D. L. R. y Jorge G.G. conocido como el \u201cCokis\u201d.&nbsp;<\/p>\n\n\n\n<p>Los detenidos y la droga asegurada quedaron a disposici\u00f3n de la Fiscal\u00eda General del Estado (FGEO) con sede en el Istmo de Tehuantepec.&nbsp;<\/p>\n\n\n\n<p>Dichas personas podr\u00edan est\u00e1n relacionadas con el triple homicidios en el que perdieron la vida ayer polic\u00edas municipales.<\/p>\n\n\n\n<figure class=\"wp-block-image size-large\"><a href=\"http:\/\/www.zonaroja.com.mx\/wp-content\/uploads\/2022\/07\/Seguridad-San-Francisco-del-Mar.jpg\" data-rel=\"penci-gallery-image-content\" ><img decoding=\"async\" width=\"1024\" height=\"768\" src=\"http:\/\/www.zonaroja.com.mx\/wp-content\/uploads\/2022\/07\/Seguridad-San-Francisco-del-Mar-1024x768.jpg\" alt=\"\" class=\"wp-image-43144\" srcset=\"https:\/\/zonaroja.com.mx\/wp-content\/uploads\/2022\/07\/Seguridad-San-Francisco-del-Mar-1024x768.jpg 1024w, https:\/\/zonaroja.com.mx\/wp-content\/uploads\/2022\/07\/Seguridad-San-Francisco-del-Mar-300x225.jpg 300w, https:\/\/zonaroja.com.mx\/wp-content\/uploads\/2022\/07\/Seguridad-San-Francisco-del-Mar-768x576.jpg 768w, https:\/\/zonaroja.com.mx\/wp-content\/uploads\/2022\/07\/Seguridad-San-Francisco-del-Mar-1536x1152.jpg 1536w, https:\/\/zonaroja.com.mx\/wp-content\/uploads\/2022\/07\/Seguridad-San-Francisco-del-Mar-1170x878.jpg 1170w, https:\/\/zonaroja.com.mx\/wp-content\/uploads\/2022\/07\/Seguridad-San-Francisco-del-Mar-585x439.jpg 585w, https:\/\/zonaroja.com.mx\/wp-content\/uploads\/2022\/07\/Seguridad-San-Francisco-del-Mar.jpg 1600w\" sizes=\"(max-width: 1024px) 100vw, 1024px\" \/><\/a><\/figure>\n\n\n\n<p>REFUERZAN OPERATIVOS<\/p>\n\n\n\n<p>Por otra parte, derivado de los hechos delictivos ocurridos durante el fin de semana en las regiones de la Mixteca, Istmo y Sierra Norte; la Secretar\u00eda de Seguridad P\u00fablica de Oaxaca (SSPO) que encabeza Dalia Ba\u00f1os Noyola informa que se refuerzan los operativos de seguridad especialmente en las regiones del Istmo y la Mixteca, con el objetivo de dar con los responsables intelectuales de tan lamentables hechos; as\u00ed como, mantener presencia institucional en la zona.<\/p>\n\n\n\n<p>Desde las primeras horas del d\u00eda de ayer, en el municipio de San Francisco del Mar y con un estado de fuerza de 48 elementos de seguridad, se implementan recorridos de seguridad, disuasi\u00f3n y vigilancia.<\/p>\n\n\n\n<p>En dichos operativos participan efectivos de la Polic\u00eda Estatal en coordinaci\u00f3n con la Fiscal\u00eda General del Estado (FGEO), Guardia Nacional (GN) y la Secretar\u00eda de la Defensa Nacional (Sedena).<\/p>\n\n\n\n<p>Asimismo, y a trav\u00e9s de las corporaciones estatales se han puesto en marcha operativos estrat\u00e9gicos en las diversas regiones de Oaxaca.&nbsp;<\/p>\n\n\n\n<p>Por su parte, la titular de la SSPO, Dalia Ba\u00f1os Noyola, lament\u00f3 y conden\u00f3 este tipo de actos que vulneran la integridad y los derechos de la ciudadan\u00eda; as\u00ed tambi\u00e9n, hizo un llamado a las autoridades municipales a fortalecer las medidas de prevenci\u00f3n en sus respectivas demarcaciones.<\/p>\n\n\n\n<p>Finalmente, la funcionaria estatal, puntualiz\u00f3 que dando cumplimiento a las instrucciones del gobernador Alejandro Murat Hinojosa, se incrementar\u00e1n los despliegues en referidos municipios; de igual forma, se continuar\u00e1 trabajando y coadyuvando en el \u00e1mbito de sus atribuciones y responsabilidad en las diligencias correspondientes.<\/p>\n","protected":false},"excerpt":{"rendered":"<p>Redacci\u00f3n\/Zona Roja. Tras el asesinato de tres polic\u00edas municipales de San Francisco del Mar, corporaciones&hellip;<\/p>\n","protected":false},"author":2,"featured_media":43142,"comment_status":"closed","ping_status":"open","sticky":false,"template":"","format":"standard","meta":{"_lmt_disableupdate":"","_lmt_disable":"","_jetpack_memberships_contains_paid_content":false,"footnotes":""},"categories":[109,46],"tags":[1421],"class_list":["post-43152","post","type-post","status-publish","format-standard","has-post-thumbnail","hentry","category-minuto-a-minuto","category-zona-blanca","tag-secretaria-de-seguridad-publica-de-oaxaca-sspo"],"jetpack_featured_media_url":"https:\/\/zonaroja.com.mx\/wp-content\/uploads\/2022\/07\/Detenidos-San-Francisco-del-Mar.jpg","jetpack_sharing_enabled":true,"_links":{"self":[{"href":"https:\/\/zonaroja.com.mx\/index.php?rest_route=\/wp\/v2\/posts\/43152","targetHints":{"allow":["GET"]}}],"collection":[{"href":"https:\/\/zonaroja.com.mx\/index.php?rest_route=\/wp\/v2\/posts"}],"about":[{"href":"https:\/\/zonaroja.com.mx\/index.php?rest_route=\/wp\/v2\/types\/post"}],"author":[{"embeddable":true,"href":"https:\/\/zonaroja.com.mx\/index.php?rest_route=\/wp\/v2\/users\/2"}],"replies":[{"embeddable":true,"href":"https:\/\/zonaroja.com.mx\/index.php?rest_route=%2Fwp%2Fv2%2Fcomments&post=43152"}],"version-history":[{"count":1,"href":"https:\/\/zonaroja.com.mx\/index.php?rest_route=\/wp\/v2\/posts\/43152\/revisions"}],"predecessor-version":[{"id":43153,"href":"https:\/\/zonaroja.com.mx\/index.php?rest_route=\/wp\/v2\/posts\/43152\/revisions\/43153"}],"wp:featuredmedia":[{"embeddable":true,"href":"https:\/\/zonaroja.com.mx\/index.php?rest_route=\/wp\/v2\/media\/43142"}],"wp:attachment":[{"href":"https:\/\/zonaroja.com.mx\/index.php?rest_route=%2Fwp%2Fv2%2Fmedia&parent=43152"}],"wp:term":[{"taxonomy":"category","embeddable":true,"href":"https:\/\/zonaroja.com.mx\/index.php?rest_route=%2Fwp%2Fv2%2Fcategories&post=43152"},{"taxonomy":"post_tag","embeddable":true,"href":"https:\/\/zonaroja.com.mx\/index.php?rest_route=%2Fwp%2Fv2%2Ftags&post=43152"}],"curies":[{"name":"wp","href":"https:\/\/api.w.org\/{rel}","templated":true}]}}