{"id":43158,"date":"2022-07-05T10:52:00","date_gmt":"2022-07-05T15:52:00","guid":{"rendered":"http:\/\/www.zonaroja.com.mx\/?p=43158"},"modified":"2022-07-05T08:13:13","modified_gmt":"2022-07-05T13:13:13","slug":"condenan-la-segob-y-la-ddhpo-discriminacion-de-transexual-en-oaxaca","status":"publish","type":"post","link":"https:\/\/zonaroja.com.mx\/?p=43158","title":{"rendered":"Condenan la Segob y la DDHPO discriminaci\u00f3n de transexual en Oaxaca"},"content":{"rendered":"\n<p>Redacci\u00f3n\/Zona Roja. Foto: Ilustraci\u00f3n<\/p>\n\n\n\n<p>Oaxaca de Ju\u00e1rez, Oax., 5 de julio de 2022.- La Secretar\u00eda de Gobernaci\u00f3n (Segob), a trav\u00e9s de la&nbsp;Subsecretar\u00eda de Derechos Humanos, Poblaci\u00f3n y Migraci\u00f3n, y la Defensor\u00eda de los Derechos Humanos del Pueblo de Oaxaca (DDHPO), condenaron un acto de discriminaci\u00f3n contra una persona transexual que fue humillado en San Juan Colorado.<\/p>\n\n\n\n<p>Y es que la semana pasada una mujer transexual fue detenida durante seis d\u00edas en la c\u00e1rcel de dicha comunidad de la regi\u00f3n de la Costa, adem\u00e1s de haber sido obligada a cortarse el cabello y vestirse \u201ccomo hombre\u201d.<\/p>\n\n\n\n<p>Ante ello, la Segob, mediante el Consejo Nacional para Prevenir&nbsp;la Discriminaci\u00f3n (Conapred),&nbsp;reiter\u00f3&nbsp;el llamado a respetar y a garantizar&nbsp;el derecho a la identidad&nbsp;y expresi\u00f3n&nbsp;de g\u00e9nero para todas las personas.<\/p>\n\n\n\n<p>\u201cLa violencia registrada&nbsp;obliga a tomar acciones contra la falta de respeto, intolerancia, normalizaci\u00f3n de la humillaci\u00f3n y de la violencia.&nbsp;El Conapred&nbsp;informa&nbsp;que&nbsp;se&nbsp;tiene&nbsp;programada&nbsp;una reuni\u00f3n de coordinaci\u00f3n con la Defensor\u00eda para impulsar medidas de no repetici\u00f3n\u201d, dijo en un comunicado.<\/p>\n\n\n\n<p>Exhort\u00f3 a las autoridades locales&nbsp;y estatales a esclarecer y resarcir los da\u00f1os con perspectiva de derechos humanos y no discriminaci\u00f3n, y pone a su disposici\u00f3n apoyo t\u00e9cnico para coadyuvar en la atenci\u00f3n adecuada del caso.<\/p>\n\n\n\n<p>Agreg\u00f3 que, de acuerdo con la&nbsp;Encuesta sobre Discriminaci\u00f3n por motivos de Orientaci\u00f3n Sexual e Identidad de G\u00e9nero (Endosig) 2018, realizada por el Conapred y la&nbsp;Comisi\u00f3n Nacional de los Derechos Humanos(CNDH), el hogar es el primer espacio de&nbsp;rechazo y exclusi\u00f3n;&nbsp;92por ciento&nbsp;de las personas encuestadas inform\u00f3 que tuvieron que ocultar su orientaci\u00f3n sexual o identidad de g\u00e9nero a sus familias.<\/p>\n\n\n\n<p>INTERVIENE DDHPO<\/p>\n\n\n\n<p>Por su parte, la DDHPO conden\u00f3 los actos de discriminaci\u00f3n y transfobia cometidos por la autoridad municipal de San Juan Colorado, e inici\u00f3 una investigaci\u00f3n por actos que afectan no solo a la persona agraviada, sino a toda la comunidad de la diversidad sexual.<\/p>\n\n\n\n<p>En un comunicado, detall\u00f3 que recibi\u00f3 la solicitud de intervenci\u00f3n luego que una mujer transexual se encontrara detenida durante seis d\u00edas en la c\u00e1rcel de dicha comunidad de la regi\u00f3n de la Costa, adem\u00e1s de haber sido obligada a cortarse el cabello y vestirse \u201ccomo hombre\u201d.<\/p>\n\n\n\n<p>Por tanto, el organismo aut\u00f3nomo inform\u00f3 que inici\u00f3 una investigaci\u00f3n respecto a los actos discriminatorios y transf\u00f3bicos que pudiesen haberse configurado, y a trav\u00e9s del expediente DDHPO\/1016\/(11)\/OAX\/2022 pidi\u00f3 a las autoridades de San Juan Colorado un informe de los hechos, adem\u00e1s de brindar acompa\u00f1amiento a la persona agraviada.<\/p>\n\n\n\n<p>El organismo defensor explic\u00f3 que la transfobia, implica acciones discriminatorias como el acoso, malos tratos, detenciones arbitrarias, hasta la comisi\u00f3n de delitos entre los que se encuentran la tortura y los cr\u00edmenes de odio.<\/p>\n\n\n\n<p>La Defensor\u00eda de los Derechos Humanos del Pueblo de Oaxaca entre 2015 y hasta el 26 de abril de 2022 ha iniciado 34 indagatorias por diversos actos de discriminaci\u00f3n hacia personas de la comunidad LGBTTTIQ+.<\/p>\n\n\n\n<p>Entre las autoridades m\u00e1s se\u00f1aladas ante la Defensor\u00eda se encuentran los municipios, por ello, la DDHPO se\u00f1al\u00f3 que resulta urgente la implementaci\u00f3n de pol\u00edticas p\u00fablicas y acciones tendientes a que las autoridades incorporen en su actuaci\u00f3n la perspectiva de derechos humanos.<\/p>\n","protected":false},"excerpt":{"rendered":"<p>Redacci\u00f3n\/Zona Roja. Foto: Ilustraci\u00f3n Oaxaca de Ju\u00e1rez, Oax., 5 de julio de 2022.- La Secretar\u00eda&hellip;<\/p>\n","protected":false},"author":2,"featured_media":43159,"comment_status":"closed","ping_status":"open","sticky":false,"template":"","format":"standard","meta":{"_lmt_disableupdate":"","_lmt_disable":"","_jetpack_memberships_contains_paid_content":false,"footnotes":""},"categories":[109,47],"tags":[1878],"class_list":["post-43158","post","type-post","status-publish","format-standard","has-post-thumbnail","hentry","category-minuto-a-minuto","category-zona-gris","tag-san-juan-colorado"],"jetpack_featured_media_url":"https:\/\/zonaroja.com.mx\/wp-content\/uploads\/2022\/07\/Transexual.jpg","jetpack_sharing_enabled":true,"_links":{"self":[{"href":"https:\/\/zonaroja.com.mx\/index.php?rest_route=\/wp\/v2\/posts\/43158","targetHints":{"allow":["GET"]}}],"collection":[{"href":"https:\/\/zonaroja.com.mx\/index.php?rest_route=\/wp\/v2\/posts"}],"about":[{"href":"https:\/\/zonaroja.com.mx\/index.php?rest_route=\/wp\/v2\/types\/post"}],"author":[{"embeddable":true,"href":"https:\/\/zonaroja.com.mx\/index.php?rest_route=\/wp\/v2\/users\/2"}],"replies":[{"embeddable":true,"href":"https:\/\/zonaroja.com.mx\/index.php?rest_route=%2Fwp%2Fv2%2Fcomments&post=43158"}],"version-history":[{"count":1,"href":"https:\/\/zonaroja.com.mx\/index.php?rest_route=\/wp\/v2\/posts\/43158\/revisions"}],"predecessor-version":[{"id":43160,"href":"https:\/\/zonaroja.com.mx\/index.php?rest_route=\/wp\/v2\/posts\/43158\/revisions\/43160"}],"wp:featuredmedia":[{"embeddable":true,"href":"https:\/\/zonaroja.com.mx\/index.php?rest_route=\/wp\/v2\/media\/43159"}],"wp:attachment":[{"href":"https:\/\/zonaroja.com.mx\/index.php?rest_route=%2Fwp%2Fv2%2Fmedia&parent=43158"}],"wp:term":[{"taxonomy":"category","embeddable":true,"href":"https:\/\/zonaroja.com.mx\/index.php?rest_route=%2Fwp%2Fv2%2Fcategories&post=43158"},{"taxonomy":"post_tag","embeddable":true,"href":"https:\/\/zonaroja.com.mx\/index.php?rest_route=%2Fwp%2Fv2%2Ftags&post=43158"}],"curies":[{"name":"wp","href":"https:\/\/api.w.org\/{rel}","templated":true}]}}