{"id":43163,"date":"2022-07-05T08:24:02","date_gmt":"2022-07-05T13:24:02","guid":{"rendered":"http:\/\/www.zonaroja.com.mx\/?p=43163"},"modified":"2022-07-05T08:24:04","modified_gmt":"2022-07-05T13:24:04","slug":"otra-masacre-de-familia-ahora-en-veracruz-domingo-el-mas-violento-en-mexico","status":"publish","type":"post","link":"https:\/\/zonaroja.com.mx\/?p=43163","title":{"rendered":"Otra masacre de familia, ahora en Veracruz; domingo, el m\u00e1s violento en M\u00e9xico"},"content":{"rendered":"\n<p>Redacci\u00f3n\/Zona Roja Cdmx.<\/p>\n\n\n\n<p>Ciudad de M\u00e9xico, 5 de julio de 2022.- Siete integrantes de la familia Castillo Candela, originarios del municipio de Lerdo, Durango, entre ellos un menor de edad, fueron asesinados dentro de su casa, en el municipio de Boca del R\u00edo, Veracruz.<\/p>\n\n\n\n<p>El padre, Jos\u00e9 Luis, sus hijos e hijas, contaban con una cadena de carnicer\u00edas en la zona centro del puerto de Veracruz, las cuales aparecen en el Registro P\u00fablico de la Propiedad como Sociedad cooperativa Carnes Yami SC de RL, revelaron fuentes que solicitaron el anonimato.<\/p>\n\n\n\n<p>La fiscal\u00eda del estado confirm\u00f3 que el m\u00faltiple homicidio se perpetr\u00f3 alrededor de las 23:45 horas del domingo en la colonia Primero de Mayo.<\/p>\n\n\n\n<p>Las personas ultimadas fueron identificadas como: Jos\u00e9 Luis, de 63 a\u00f1os; Mar\u00eda Concepci\u00f3n, de 61; \u00d3scar Castillo, de 43; Mario Alberto, de 39; Mar\u00eda de la Luz, de 45; Yuridia Edith, de 45, y un adolescente identificado con las iniciales OVC, de 15.<\/p>\n\n\n\n<p>BAJA CALIFORNIA<\/p>\n\n\n\n<p>En Baja California, autoridades localizaron la madrugada de este lunes los cad\u00e1veres de una pareja en Tijuana. La mujer estaba atada de brazos, mientras al hombre lo envolvieron en una cobija.<\/p>\n\n\n\n<p>La Agencia Estatal de Investigaciones explic\u00f3 que el hallazgo fue a las 3:30 horas en la rampa de la colonia Las Delicias 3.<\/p>\n\n\n\n<p>Peritos de la Fiscal\u00eda General del Estado realizan estudios para determinar la identidad y la causa de la muerte de ambas v\u00edctimas.<\/p>\n\n\n\n<p>Horas despu\u00e9s, en la calle Artesanal de la colonia Flores Mag\u00f3n, un hombre fue ejecutado a tiros.<\/p>\n\n\n\n<p>Tambi\u00e9n ayer, dos clientes resultaron heridos durante una balacera en un bar ubicado en el bulevar D\u00edaz Ordaz.<\/p>\n\n\n\n<p>DOMINGO ROJO<\/p>\n\n\n\n<p>El domingo 3 de julio se cometieron 103 homicidios dolosos en el pa\u00eds, primer d\u00eda del mes que se rebasa el centenar de personas asesinadas, de acuerdo con los informes del Secretariado Ejecutivo del Sistema Nacional de Seguridad P\u00fablica (SESNSP).<\/p>\n\n\n\n<p>En esta ocasi\u00f3n, Morelos fue la entidad con m\u00e1s personas asesinadas durante el domingo, con 11 casos, seguida de Guanajuato con 10, y los estados de M\u00e9xico y Michoac\u00e1n con nueve homicidios cada una.<\/p>\n\n\n\n<p>En Baja California fueron asesinadas siete personas el domingo, mientras que en Jalisco fueron seis casos; en la Ciudad de M\u00e9xico y Nuevo Le\u00f3n fueron cinco,&nbsp; y con cuatro asesinatos se reportaron los estados de Chihuahua, Guerrero, Oaxaca, Puebla, Sonora y Veracruz.<\/p>\n\n\n\n<p>EL M\u00c1S VIOLENTO<\/p>\n\n\n\n<p>Este fin de semana se convirti\u00f3 en el segundo m\u00e1s violento del pa\u00eds, luego de que durante los primeros tres d\u00edas de julio, en el pa\u00eds se cometieron 262 asesinatos, de acuerdo con el informe V\u00edctimas reportadas por delito de homicidio (Fiscal\u00edas Estatales y Dependencias Federales).<\/p>\n\n\n\n<p>En este periodo, Guanajuato fue la entidad con m\u00e1s casos de homicidios dolosos, con 30 personas asesinadas, seguida de Jalisco, con 24; el Estado de M\u00e9xico, con 23, y Zacatecas, con 18.<\/p>\n\n\n\n<p>Le siguen la lista de entidades con m\u00e1s personas asesinadas durante el pasado fin de semana Baja California y Michoac\u00e1n, con 16 casos; Morelos, con 15; Chihuahua, con 14, y Nuevo Le\u00f3n, con 13; as\u00ed como Guerrero, Oaxaca, Puebla y la CDMX, con 10 asesinatos.<\/p>\n\n\n\n<p>De esta forma, durante los primeros tres d\u00edas del presente mes fueron asesinadas 262 personas, para un promedio de 87.3 casos por d\u00eda. Junio cerr\u00f3 con un total de 2 mil 289 casos de homicidio doloso, con un promedio diario de 76.3 asesinatos.<\/p>\n\n\n\n<p>(Informaci\u00f3n de \u201cLa Jornada\u201d y \u201cExc\u00e9lsior\u201d)<\/p>\n","protected":false},"excerpt":{"rendered":"<p>Redacci\u00f3n\/Zona Roja Cdmx. Ciudad de M\u00e9xico, 5 de julio de 2022.- Siete integrantes de la&hellip;<\/p>\n","protected":false},"author":2,"featured_media":43164,"comment_status":"closed","ping_status":"open","sticky":false,"template":"","format":"standard","meta":{"_lmt_disableupdate":"","_lmt_disable":"","_jetpack_memberships_contains_paid_content":false,"footnotes":""},"categories":[109,51],"tags":[3181],"class_list":["post-43163","post","type-post","status-publish","format-standard","has-post-thumbnail","hentry","category-minuto-a-minuto","category-zona-roja","tag-violencia-y-asesinatos-en-mexico"],"jetpack_featured_media_url":"https:\/\/zonaroja.com.mx\/wp-content\/uploads\/2022\/07\/Masacre-familia-Veracruz.jpeg","jetpack_sharing_enabled":true,"_links":{"self":[{"href":"https:\/\/zonaroja.com.mx\/index.php?rest_route=\/wp\/v2\/posts\/43163","targetHints":{"allow":["GET"]}}],"collection":[{"href":"https:\/\/zonaroja.com.mx\/index.php?rest_route=\/wp\/v2\/posts"}],"about":[{"href":"https:\/\/zonaroja.com.mx\/index.php?rest_route=\/wp\/v2\/types\/post"}],"author":[{"embeddable":true,"href":"https:\/\/zonaroja.com.mx\/index.php?rest_route=\/wp\/v2\/users\/2"}],"replies":[{"embeddable":true,"href":"https:\/\/zonaroja.com.mx\/index.php?rest_route=%2Fwp%2Fv2%2Fcomments&post=43163"}],"version-history":[{"count":1,"href":"https:\/\/zonaroja.com.mx\/index.php?rest_route=\/wp\/v2\/posts\/43163\/revisions"}],"predecessor-version":[{"id":43165,"href":"https:\/\/zonaroja.com.mx\/index.php?rest_route=\/wp\/v2\/posts\/43163\/revisions\/43165"}],"wp:featuredmedia":[{"embeddable":true,"href":"https:\/\/zonaroja.com.mx\/index.php?rest_route=\/wp\/v2\/media\/43164"}],"wp:attachment":[{"href":"https:\/\/zonaroja.com.mx\/index.php?rest_route=%2Fwp%2Fv2%2Fmedia&parent=43163"}],"wp:term":[{"taxonomy":"category","embeddable":true,"href":"https:\/\/zonaroja.com.mx\/index.php?rest_route=%2Fwp%2Fv2%2Fcategories&post=43163"},{"taxonomy":"post_tag","embeddable":true,"href":"https:\/\/zonaroja.com.mx\/index.php?rest_route=%2Fwp%2Fv2%2Ftags&post=43163"}],"curies":[{"name":"wp","href":"https:\/\/api.w.org\/{rel}","templated":true}]}}