{"id":43166,"date":"2022-07-05T15:51:55","date_gmt":"2022-07-05T20:51:55","guid":{"rendered":"https:\/\/www.zonaroja.com.mx\/?p=43166"},"modified":"2022-07-05T15:52:40","modified_gmt":"2022-07-05T20:52:40","slug":"amonesta-teeo-a-salomon-jara-y-partidos-por-vulnerar-interes-superior-de-ninez","status":"publish","type":"post","link":"https:\/\/zonaroja.com.mx\/?p=43166","title":{"rendered":"Amonesta TEEO a Salom\u00f3n Jara y partidos, por vulnerar  inter\u00e9s superior de ni\u00f1ez"},"content":{"rendered":"\n<p>Redacci\u00f3n\/Zona Roja &nbsp;<\/p>\n\n\n\n<p>Oaxaca de Ju\u00e1rez, Oax., a 5 de julio de 2022.- En sesi\u00f3n p\u00fablica realizada mediante videoconferencia, el Pleno del Tribunal Electoral del Estado de Oaxaca (TEEO) amonest\u00f3 a Salom\u00f3n Jara Cruz, entonces candidato a la gubernatura del estado de Oaxaca; y a los partidos pol\u00edticos: Morena, del Trabajo (PT), Verde Ecologista de M\u00e9xico (PVEM) y Unidad Popular (PUP); por vulnerar el inter\u00e9s superior de la ni\u00f1ez.&nbsp;<\/p>\n\n\n\n<p>Por unanimidad, en el Procedimiento Especial Sancionador con clave PES\/57\/2022, la magistrada presidenta, el magistrado y la secretaria de estudio y cuenta en funciones de magistrada se\u00f1alaron que Jara Cruz public\u00f3 en su cuenta de la red social Facebook, las im\u00e1genes de menores de edad, sin que se les haya difuminado el rostro para hacerlos irreconocibles; y tampoco contar con los permisos de los progenitores de esos menores.<\/p>\n\n\n\n<p>Argumentaron que, de conformidad con los \u201cLineamientos para la protecci\u00f3n de los derechos de las ni\u00f1as, ni\u00f1os y adolescentes en materia de propaganda y mensajes pol\u00edtico-electorales\u201d, se ten\u00eda la obligaci\u00f3n de difuminar los rostros de menores de edad que se incluyan en propaganda electoral o de cualquier acto pol\u00edtico de campa\u00f1a.&nbsp;<\/p>\n\n\n\n<p>Esta sentencia detalla que, se constat\u00f3, la existencia de doce fotograf\u00edas difundidas en la red social Facebook, cuyo perfil pertenece al denunciado, en donde aparecen los rostros de un total de veintitr\u00e9s menores de edad.&nbsp;<\/p>\n\n\n\n<p>Al respecto, el Tribunal aclar\u00f3 que el argumento expresado por el ciudadano y partidos denunciados, respecto que algunos de esos menores usan cubrebocas o que se encuentran en segundo plano, lo que hace que no sean identificables; no es v\u00e1lido, ya que, en t\u00e9rminos de los criterios del Tribunal Electoral del Poder Judicial de la Federaci\u00f3n, aun cuando la imagen que aparezca sea parcial, ya sea por el uso de cubrebocas o por el plano en que aparezcan, ello no excusa el cumplimiento de hacer irreconocibles los rostros de los menores de edad en las publicaciones de redes sociales.<\/p>\n\n\n\n<p>Respecto a los partidos pol\u00edticos referidos se tuvo acreditada la culpa in vigilando, puesto que ten\u00edan la obligaci\u00f3n de ser garantes del cumplimiento de este principio, y al no haber desplegado alg\u00fan acto para impedirle, incurrieron en una omisi\u00f3n de deber de cuidado.<\/p>\n","protected":false},"excerpt":{"rendered":"<p>Redacci\u00f3n\/Zona Roja &nbsp; Oaxaca de Ju\u00e1rez, Oax., a 5 de julio de 2022.- En sesi\u00f3n&hellip;<\/p>\n","protected":false},"author":2,"featured_media":38428,"comment_status":"closed","ping_status":"open","sticky":false,"template":"","format":"standard","meta":{"_lmt_disableupdate":"","_lmt_disable":"","_jetpack_memberships_contains_paid_content":false,"footnotes":""},"categories":[109,47],"tags":[],"class_list":["post-43166","post","type-post","status-publish","format-standard","has-post-thumbnail","hentry","category-minuto-a-minuto","category-zona-gris"],"jetpack_featured_media_url":"https:\/\/zonaroja.com.mx\/wp-content\/uploads\/2022\/03\/Salomon-Jara-Cruz.jpeg","jetpack_sharing_enabled":true,"_links":{"self":[{"href":"https:\/\/zonaroja.com.mx\/index.php?rest_route=\/wp\/v2\/posts\/43166","targetHints":{"allow":["GET"]}}],"collection":[{"href":"https:\/\/zonaroja.com.mx\/index.php?rest_route=\/wp\/v2\/posts"}],"about":[{"href":"https:\/\/zonaroja.com.mx\/index.php?rest_route=\/wp\/v2\/types\/post"}],"author":[{"embeddable":true,"href":"https:\/\/zonaroja.com.mx\/index.php?rest_route=\/wp\/v2\/users\/2"}],"replies":[{"embeddable":true,"href":"https:\/\/zonaroja.com.mx\/index.php?rest_route=%2Fwp%2Fv2%2Fcomments&post=43166"}],"version-history":[{"count":1,"href":"https:\/\/zonaroja.com.mx\/index.php?rest_route=\/wp\/v2\/posts\/43166\/revisions"}],"predecessor-version":[{"id":43167,"href":"https:\/\/zonaroja.com.mx\/index.php?rest_route=\/wp\/v2\/posts\/43166\/revisions\/43167"}],"wp:featuredmedia":[{"embeddable":true,"href":"https:\/\/zonaroja.com.mx\/index.php?rest_route=\/wp\/v2\/media\/38428"}],"wp:attachment":[{"href":"https:\/\/zonaroja.com.mx\/index.php?rest_route=%2Fwp%2Fv2%2Fmedia&parent=43166"}],"wp:term":[{"taxonomy":"category","embeddable":true,"href":"https:\/\/zonaroja.com.mx\/index.php?rest_route=%2Fwp%2Fv2%2Fcategories&post=43166"},{"taxonomy":"post_tag","embeddable":true,"href":"https:\/\/zonaroja.com.mx\/index.php?rest_route=%2Fwp%2Fv2%2Ftags&post=43166"}],"curies":[{"name":"wp","href":"https:\/\/api.w.org\/{rel}","templated":true}]}}