{"id":43169,"date":"2022-07-05T17:36:50","date_gmt":"2022-07-05T22:36:50","guid":{"rendered":"https:\/\/www.zonaroja.com.mx\/?p=43169"},"modified":"2022-07-05T17:40:33","modified_gmt":"2022-07-05T22:40:33","slug":"denuncia-directora-del-instituto-de-la-mujer-en-tuxtepec-violencia-por-razon-de-genero-y-digital","status":"publish","type":"post","link":"https:\/\/zonaroja.com.mx\/?p=43169","title":{"rendered":"Denuncia directora del Instituto de la Mujer en Tuxtepec violencia por raz\u00f3n de g\u00e9nero y digital"},"content":{"rendered":"\n<p>Yuridiana Sosa\/Zona Roja.<\/p>\n\n\n\n<p>Oaxaca de Ju\u00e1rez, Oax., 5 de julio de 2022.- Por violencia pol\u00edtica por raz\u00f3n de g\u00e9nero, violencia digital, discriminaci\u00f3n y ante riesgos de su integridad, la directora del Instituto Municipal de la Mujer de Tuxtepec, Natalia del Carmen Montero C\u00f3rdova, present\u00f3 una denuncia contra el abogado Rub\u00e9n Bracamontes P\u00e9rez.<\/p>\n\n\n\n<p>En conferencia de prensa en Tuxtepec, la activista y feministas en la regi\u00f3n de la Cuenca, detall\u00f3 que el abogado Rub\u00e9n Bracamontes realiz\u00f3 falsos se\u00f1alamientos que la involucran en supuestas investigaciones por el asesinato del ex presidente municipal de Tuxtepec, Gustavo Pacheco Villase\u00f1or.<\/p>\n\n\n\n<p>El litigante, identificado como detractor de la actual administraci\u00f3n municipal, manifest\u00f3 por medio de una entrevista el pasado viernes 1 de julio que la actual directora a\u00fan formaba parte de las l\u00edneas de investigaci\u00f3n del crimen contra el ex edil.<\/p>\n\n\n\n<p>Durante la conferencia, la directora cit\u00f3 la declaraci\u00f3n de Bracamontes P\u00e9rez; \u201c: Natalia Montero se vio involucrada en el homicidio de Gustavo Pacheco Villase\u00f1or, fue una l\u00ednea de investigaci\u00f3n y creo que hasta hoy en d\u00eda ese crimen no se ha esclarecido, por lo tanto, sigue siendo parte de la l\u00ednea de investigaci\u00f3n\u201d.&nbsp;<\/p>\n\n\n\n<p>Montero C\u00f3rdoba present\u00f3 denuncia ante la Fiscal\u00eda General de Oaxaca a trav\u00e9s de la Vicefiscal\u00eda de la Cuenca, por violencia pol\u00edtica por raz\u00f3n de g\u00e9nero, violencia digital y discriminaci\u00f3n por parte de Rub\u00e9n Bracamontes, quien se distingue por ser un hombre violento y agresivo, por lo que tambi\u00e9n teme por su integridad y la de su familia.&nbsp;<\/p>\n\n\n\n<p>Realiz\u00f3 un llamado a la Fiscal\u00eda General de Oaxaca, a la Defensor\u00eda de los Derechos Humanos del Pueblo de Oaxaca (DDHPO), a la Secretar\u00eda de la Mujer Oaxaque\u00f1a, y a diputadas responsables de las debidas \u00e1reas de atenci\u00f3n a las mujeres, a no pasar por alto estas agresiones, pues las activistas en Oaxaca y M\u00e9xico son vulnerables a una serie de agresiones y hasta del feminicidio.<\/p>\n\n\n\n<p> Destac\u00f3 que pese a estas circunstancias continuar\u00e1 desde el IMM apoyando y en atenci\u00f3n de todas las mujeres que as\u00ed lo requieran.<\/p>\n","protected":false},"excerpt":{"rendered":"<p>Yuridiana Sosa\/Zona Roja. Oaxaca de Ju\u00e1rez, Oax., 5 de julio de 2022.- Por violencia pol\u00edtica&hellip;<\/p>\n","protected":false},"author":2,"featured_media":43168,"comment_status":"closed","ping_status":"open","sticky":false,"template":"","format":"standard","meta":{"_lmt_disableupdate":"","_lmt_disable":"","_jetpack_memberships_contains_paid_content":false,"footnotes":""},"categories":[109,47],"tags":[],"class_list":["post-43169","post","type-post","status-publish","format-standard","has-post-thumbnail","hentry","category-minuto-a-minuto","category-zona-gris"],"jetpack_featured_media_url":"https:\/\/zonaroja.com.mx\/wp-content\/uploads\/2022\/07\/020ef7a0-43ef-44b7-99d4-ef9dee3624cb.jpg","jetpack_sharing_enabled":true,"_links":{"self":[{"href":"https:\/\/zonaroja.com.mx\/index.php?rest_route=\/wp\/v2\/posts\/43169","targetHints":{"allow":["GET"]}}],"collection":[{"href":"https:\/\/zonaroja.com.mx\/index.php?rest_route=\/wp\/v2\/posts"}],"about":[{"href":"https:\/\/zonaroja.com.mx\/index.php?rest_route=\/wp\/v2\/types\/post"}],"author":[{"embeddable":true,"href":"https:\/\/zonaroja.com.mx\/index.php?rest_route=\/wp\/v2\/users\/2"}],"replies":[{"embeddable":true,"href":"https:\/\/zonaroja.com.mx\/index.php?rest_route=%2Fwp%2Fv2%2Fcomments&post=43169"}],"version-history":[{"count":1,"href":"https:\/\/zonaroja.com.mx\/index.php?rest_route=\/wp\/v2\/posts\/43169\/revisions"}],"predecessor-version":[{"id":43170,"href":"https:\/\/zonaroja.com.mx\/index.php?rest_route=\/wp\/v2\/posts\/43169\/revisions\/43170"}],"wp:featuredmedia":[{"embeddable":true,"href":"https:\/\/zonaroja.com.mx\/index.php?rest_route=\/wp\/v2\/media\/43168"}],"wp:attachment":[{"href":"https:\/\/zonaroja.com.mx\/index.php?rest_route=%2Fwp%2Fv2%2Fmedia&parent=43169"}],"wp:term":[{"taxonomy":"category","embeddable":true,"href":"https:\/\/zonaroja.com.mx\/index.php?rest_route=%2Fwp%2Fv2%2Fcategories&post=43169"},{"taxonomy":"post_tag","embeddable":true,"href":"https:\/\/zonaroja.com.mx\/index.php?rest_route=%2Fwp%2Fv2%2Ftags&post=43169"}],"curies":[{"name":"wp","href":"https:\/\/api.w.org\/{rel}","templated":true}]}}