{"id":43172,"date":"2022-07-05T19:29:59","date_gmt":"2022-07-06T00:29:59","guid":{"rendered":"http:\/\/www.zonaroja.com.mx\/?p=43172"},"modified":"2022-07-05T19:30:02","modified_gmt":"2022-07-06T00:30:02","slug":"vacunacion-a-ninez-en-oaxaca-entre-lagrimas-protesta-amenazas-y-desorden","status":"publish","type":"post","link":"https:\/\/zonaroja.com.mx\/?p=43172","title":{"rendered":"Vacunaci\u00f3n a ni\u00f1ez en Oaxaca, entre l\u00e1grimas, protesta, amenazas y desorden"},"content":{"rendered":"\n<p>Yuridiana Sosa\/Zona Roja.<\/p>\n\n\n\n<p>Oaxaca de Ju\u00e1rez, Oax., 05 de julio de 2022.- \u201c\u00a1Queremos vacunas!, \u00a1Queremos vacunas!; \u00a1Tenemos derechos!, gritan al punto del llanto menores de edad en un Centro de Salud de los Servicios de Salud de Oaxaca en la capital del estado.<\/p>\n\n\n\n<p>Ello es parte de las m\u00faltiples quejas ante el desabasto de la vacuna contra Covid-19 en el primer d\u00eda de la jornada, en que adem\u00e1s prevaleci\u00f3 el desorden, impuntualidad, irregularidades, vacunas caducas y hasta se ech\u00f3 la culpa a la prensa de dicho caos.<\/p>\n\n\n\n<p>Como si se tratara de la primera vez que organizan una jornada, la desorganizaci\u00f3n no falt\u00f3, pero esta vez, no alcanzar dosis signific\u00f3 jugar con los sentimientos de esperanza de miles de ni\u00f1os que deseaban ser inmunizados.<\/p>\n\n\n\n<p>Fueron los padres de familia los primeros en alzar la voz, pero al final, fue la voz de los ni\u00f1os y ni\u00f1as las que exigieron su derecho a la salud, de recibir la vacuna.<\/p>\n\n\n\n<p>Un abrazo de consuelo entre un par de ni\u00f1as que alcanzaron dosis en el centro de salud de la calle de Mina, centro de la capital fue la se\u00f1al de la derrota de un sistema de salud que sigue sin entender una organizaci\u00f3n.<\/p>\n\n\n\n<p>AMENAZAN CON FRENAR JORNADA<\/p>\n\n\n\n<p>\u201c\u00a1Si siguen grabando vamos a parar la vacunaci\u00f3n y nos metemos!\u201d, es la advertencia de una trabajadora de la unidad M\u00e9dica del IMSS , frente al jard\u00edn Conzatti en la capital del estado ante la cobertura de la actividad de medios de comunicaci\u00f3n.<\/p>\n\n\n\n<p>ZONA ROJA y otros medios de comunicaci\u00f3n acudieron a la sede ante la denuncia de tutores de que la vacuna se hab\u00eda agotado y la fila a\u00fan era larga.<\/p>\n\n\n\n<p>\u201c\u00a1Cierra la puerta!\u201d, orden\u00f3 una mujer al resto de los empleados, quien aparent\u00f3 ser la organizadora de la jornada en esa unidad m\u00e9dica.<\/p>\n\n\n\n<p>\u201c\u00a1Ya iba a empezar a jalar de 10 en 10\u2026O paran de grabar\u2026Ya tengo adentro gente para vacunar!\u201d, sentencia con rabia la mujer tratando de impedir la labor de los medios de comunicaci\u00f3n.<\/p>\n\n\n\n<figure class=\"wp-block-embed is-type-rich is-provider-twitter wp-block-embed-twitter\"><div class=\"wp-block-embed__wrapper\">\n<div class=\"twitter-tweet\"><blockquote class=\"twitter-tweet\" data-lang=\"es\"><p lang=\"es\" dir=\"ltr\"><a href=\"https:\/\/twitter.com\/hashtag\/%C3%9AltimoMinuto?src=hash&amp;ref_src=twsrc%5Etfw\">#\u00daltimoMinuto<\/a> <br>Sigue el desorden en la Unidad de Medicina Familiar 01 del <a href=\"https:\/\/twitter.com\/IMSS_Oaxaca?ref_src=twsrc%5Etfw\">@IMSS_Oaxaca<\/a> en la ciudad de <a href=\"https:\/\/twitter.com\/hashtag\/Oaxaca?src=hash&amp;ref_src=twsrc%5Etfw\">#Oaxaca<\/a> y ahora personal amenaza otra vez con suspender vacunaci\u00f3n anti Covid, sin dar m\u00e1s detalles. <br>Padres amagan con bloquear vialidad. <a href=\"https:\/\/t.co\/3vQsoFadUe\">pic.twitter.com\/3vQsoFadUe<\/a><\/p>&mdash; Zona Roja Oaxaca (@ZonaRoja_Oaxaca) <a href=\"https:\/\/twitter.com\/ZonaRoja_Oaxaca\/status\/1544430026942283786?ref_src=twsrc%5Etfw\">5 de julio de 2022<\/a><\/blockquote><\/div>\n<\/div><\/figure>\n\n\n\n<p>NUTRIDA Y DESORDENADA<\/p>\n\n\n\n<p>Miles de menores de edad y sus padres de familia acudieron con entusiasmo a la aplicaci\u00f3n de la vacuna contra Covid en las distintas sedes del estado, pero la jornada se vio empa\u00f1ada por distintas incidencias.<\/p>\n\n\n\n<p>El piquetito en el brazo era lo de menos para los peque\u00f1os, pues saber que recibir\u00edan la dosis de protecci\u00f3n contra el virus que los aisl\u00f3 por dos a\u00f1os y alej\u00f3 de escuelas y parques, los motivaba a soportar la desma\u00f1anada y una espera que para muchos se termin\u00f3 antes de tiempo sin recibir dosis.<\/p>\n\n\n\n<p>Fue el caso que vivieron las familias en San Pablo Villa de Huitzo, Villa de Etla, Zimatl\u00e1n de \u00c1lvarez y en agencias de la capital del estado, en la regi\u00f3n de Valles Centrales.<\/p>\n\n\n\n<p>Alrededor de las 10:00 horas se report\u00f3 que en Huitzo ya se hab\u00edan acabado las dosis para las ni\u00f1as y ni\u00f1os de cinco a 11 a\u00f1os, pues solo se repartieron unas 300 fichas, mientras que al menos unos dos mil padres de familia segu\u00edan en la fila de espera.<\/p>\n\n\n\n<p>Esta situaci\u00f3n caus\u00f3 molestia entre los padres, pues decenas de ellos se hab\u00edan trasladado&nbsp;de comunidades vecinas como Telixtlahuaca y Suchilquitongo, pues tambi\u00e9n, se report\u00f3 escaso personal de salud para hacer frente a este proceso.<\/p>\n\n\n\n<p>En Villa de Etla, se registr\u00f3 una situaci\u00f3n similar, pues sin previo aviso los empleados de la jornada de vacunaci\u00f3n concluyeron la aplicaci\u00f3n, dejando que la fila se extendiera hasta alcanzar unas dos mil personas en espera, sin embargo, solo ten\u00edan a disposici\u00f3n 800 dosis.<\/p>\n\n\n\n<p>TAMBI\u00c9N ZAACHILA<\/p>\n\n\n\n<p>Por otra parte, el desorden lleg\u00f3 a la sede del municipio de Villa de Zaachila, donde tras varias horas de espera, los padres se comenzaron a arremolinarse en el acceso a la Unidad Deportivo en reclamo de sus lugares, pues los trabajadores de la jornada estaban permitiendo el ingreso de personas que no hab\u00edan realizado fila.<\/p>\n\n\n\n<p>En Zimatl\u00e1n de \u00c1lvarez tambi\u00e9n denunciaron que se agotan las dosis de manera temprana, pero en este caso, la inconformidad de los padres lleg\u00f3 a la advertencia de un bloqueo en la indefinido en la carretera federal 131, si no les ofrecen nueva y pronta fecha para la jornada a favor de los ni\u00f1os de cinco a 11 a\u00f1os.<\/p>\n\n\n\n<p>En la capital las fallas se presentaron en la agencia de Trinidad de Viguera, donde decenas de familias se regresaron molestos ante la falta de organizaci\u00f3n, pues las dosis tambi\u00e9n no fueron calculadas de forma correcta para la cantidad de ni\u00f1os y ni\u00f1as en la zona.<\/p>\n\n\n\n<figure class=\"wp-block-embed is-type-rich is-provider-twitter wp-block-embed-twitter\"><div class=\"wp-block-embed__wrapper\">\n<div class=\"twitter-tweet\"><blockquote class=\"twitter-tweet\" data-lang=\"es\"><p lang=\"es\" dir=\"ltr\"><a href=\"https:\/\/twitter.com\/hashtag\/%C3%9AltimoMinuto?src=hash&amp;ref_src=twsrc%5Etfw\">#\u00daltimoMinuto<\/a> <br>Quejas y m\u00e1s quejas, en este caso contra los <a href=\"https:\/\/twitter.com\/SSO_GobOax?ref_src=twsrc%5Etfw\">@SSO_GobOax<\/a>, por el limitado n\u00famero de vacunas. <br>Es el caso del Centro de Salud uno, en la calle de Mina del centro de la capital oaxaque\u00f1a. <a href=\"https:\/\/t.co\/Rah8ZB2BIx\">pic.twitter.com\/Rah8ZB2BIx<\/a><\/p>&mdash; Zona Roja Oaxaca (@ZonaRoja_Oaxaca) <a href=\"https:\/\/twitter.com\/ZonaRoja_Oaxaca\/status\/1544391241168732166?ref_src=twsrc%5Etfw\">5 de julio de 2022<\/a><\/blockquote><\/div>\n<\/div><\/figure>\n\n\n\n<p>La misma situaci\u00f3n de desorganizaci\u00f3n se registr\u00f3 en el Centro de Salud de los Servicios de Salud de Oaxaca ubicado en la calle de Mina.<\/p>\n\n\n\n<p>Los padres manifestaron apat\u00eda de los trabajadores de salud y lentitud en el proceso, lo que afecta a los ni\u00f1os, varios de ellos sin desayunar a pesar que la recomendaci\u00f3n es ir alimentados, y a los padres de familia que pidieron permiso en sus trabajos para asistir a la jornada.<\/p>\n\n\n\n<p>VACUNAS CADUCAS<\/p>\n\n\n\n<p>El \u00e1nimo por recibir la vacuna fue apagado por promotores de salud en Salina Cruz, en la regi\u00f3n del Istmo, quienes difundieron entre los padres de familia que las vacunas por aplicar se encontraban caducas, pero a\u00fan as\u00ed la Comisi\u00f3n Federal para la Protecci\u00f3n contra Riesgos Sanitarios las autoriz\u00f3.<\/p>\n\n\n\n<p>Con escasa explicaci\u00f3n sobre la situaci\u00f3n real de las vacunas y en advertencia de que \u201cser\u00e1 responsabilidad de los padres\u201d su aplicaci\u00f3n, promotores trataron de continuar con la jornada, lo que gener\u00f3 incertidumbre entre los tutores y hasta temor.<\/p>\n\n\n\n<p>Pues a nivel nacional se inform\u00f3 desde hace varias semanas que la fecha de caducidad se hab\u00eda extendido hasta el mes de septiembre, lo cual se puede conseguir, sin exponer la efectividad o da\u00f1os en la vacuna, por distintos m\u00e9todos.<\/p>\n\n\n\n<p>LARGAS FILAS<\/p>\n\n\n\n<p>Ni\u00f1os y padres de familia en otros puntos ofrecieron un escenario alentador para el combate a la pandemia de Covid-19.<\/p>\n\n\n\n<p>Fue el caso de las largas filas, desde muy temprano en sedes como la unidad ubicada frente al jard\u00edn Conzatti en la &nbsp;capital del estado, o en Casa de Cultura \u201cDr. V\u00edctor Bravo Ahuja\u201d, en Tuxtepec, donde de forma ordenada transcurrieron las primeras horas de la jornada. Del caos, nadie dio explicaciones ni asumi\u00f3 culpas.<\/p>\n","protected":false},"excerpt":{"rendered":"<p>Yuridiana Sosa\/Zona Roja. Oaxaca de Ju\u00e1rez, Oax., 05 de julio de 2022.- \u201c\u00a1Queremos vacunas!, \u00a1Queremos&hellip;<\/p>\n","protected":false},"author":2,"featured_media":43173,"comment_status":"closed","ping_status":"open","sticky":false,"template":"","format":"standard","meta":{"_lmt_disableupdate":"","_lmt_disable":"","_jetpack_memberships_contains_paid_content":false,"footnotes":""},"categories":[109,47],"tags":[3183],"class_list":["post-43172","post","type-post","status-publish","format-standard","has-post-thumbnail","hentry","category-minuto-a-minuto","category-zona-gris","tag-vacunacion-contra-el-covid-en-oaxaca"],"jetpack_featured_media_url":"https:\/\/zonaroja.com.mx\/wp-content\/uploads\/2022\/07\/Unidad-de-Medicina-Familiar-IMSS-Oaxaca.jpg","jetpack_sharing_enabled":true,"_links":{"self":[{"href":"https:\/\/zonaroja.com.mx\/index.php?rest_route=\/wp\/v2\/posts\/43172","targetHints":{"allow":["GET"]}}],"collection":[{"href":"https:\/\/zonaroja.com.mx\/index.php?rest_route=\/wp\/v2\/posts"}],"about":[{"href":"https:\/\/zonaroja.com.mx\/index.php?rest_route=\/wp\/v2\/types\/post"}],"author":[{"embeddable":true,"href":"https:\/\/zonaroja.com.mx\/index.php?rest_route=\/wp\/v2\/users\/2"}],"replies":[{"embeddable":true,"href":"https:\/\/zonaroja.com.mx\/index.php?rest_route=%2Fwp%2Fv2%2Fcomments&post=43172"}],"version-history":[{"count":1,"href":"https:\/\/zonaroja.com.mx\/index.php?rest_route=\/wp\/v2\/posts\/43172\/revisions"}],"predecessor-version":[{"id":43174,"href":"https:\/\/zonaroja.com.mx\/index.php?rest_route=\/wp\/v2\/posts\/43172\/revisions\/43174"}],"wp:featuredmedia":[{"embeddable":true,"href":"https:\/\/zonaroja.com.mx\/index.php?rest_route=\/wp\/v2\/media\/43173"}],"wp:attachment":[{"href":"https:\/\/zonaroja.com.mx\/index.php?rest_route=%2Fwp%2Fv2%2Fmedia&parent=43172"}],"wp:term":[{"taxonomy":"category","embeddable":true,"href":"https:\/\/zonaroja.com.mx\/index.php?rest_route=%2Fwp%2Fv2%2Fcategories&post=43172"},{"taxonomy":"post_tag","embeddable":true,"href":"https:\/\/zonaroja.com.mx\/index.php?rest_route=%2Fwp%2Fv2%2Ftags&post=43172"}],"curies":[{"name":"wp","href":"https:\/\/api.w.org\/{rel}","templated":true}]}}