{"id":43175,"date":"2022-07-05T20:31:54","date_gmt":"2022-07-06T01:31:54","guid":{"rendered":"http:\/\/www.zonaroja.com.mx\/?p=43175"},"modified":"2022-07-05T20:31:56","modified_gmt":"2022-07-06T01:31:56","slug":"no-habra-segundo-censo-para-afectados-de-aghata-asegura-gobernador","status":"publish","type":"post","link":"https:\/\/zonaroja.com.mx\/?p=43175","title":{"rendered":"No habr\u00e1 segundo censo para afectados de \u201cAghata\u201d, asegura gobernador"},"content":{"rendered":"\n<p>Yuridiana Sosa\/Zona Roja.<\/p>\n\n\n\n<p>Oaxaca de Ju\u00e1rez, Oax., a 5 de julio de 2022.- Pese a la demanda de varias comunidades de la regi\u00f3n de la Costa y de la Sierra Sur de un segundo censo para contabilizar a los damnificados del hurac\u00e1n \u201c\u00c1gatha\u201d, el gobernador Alejandro Murat se\u00f1al\u00f3 que por ahora, no lo habr\u00e1.<\/p>\n\n\n\n<p>En entrevista colectiva, el mandatario estatal de Oaxaca aclar\u00f3 que es un tema que de inicio compete al gobierno federal, pero apunt\u00f3 que hasta donde tiene conocimiento no se aplicar\u00e1 una segunda revisi\u00f3n de viviendas.<\/p>\n\n\n\n<p>Esto a poco m\u00e1s de un mes de que el fen\u00f3menos meteorol\u00f3gico impact\u00f3 en tierras oaxaque\u00f1as, dejando miles de familias damnificadas; caminos destrozados y localidades incomunicadas.<\/p>\n\n\n\n<p>As\u00ed como la p\u00e9rdida de 10 vidas humanas, de acuerdo al reporte de la Coordinaci\u00f3n Estatal de Protecci\u00f3n Civil de Oaxaca, aunque de manera extraoficial la cifra asciende a 13 decesos.<\/p>\n\n\n\n<p>Por el hurac\u00e1n \u201c\u00c1gatha\u201d, la autoridad oficializ\u00f3 el deceso de 10 oaxaque\u00f1os y tres personas en calidad de desparecidas, hasta el momento.<\/p>\n\n\n\n<p>Por la Onda Tropical n\u00famero 6, una persona m\u00e1s tambi\u00e9n perdi\u00f3 la vida, report\u00f3 la CEPCO.<\/p>\n\n\n\n<p>TRABAJAN EN SEGURIDAD<\/p>\n\n\n\n<p>El gobernador Alejandro Murat, presidi\u00f3 este martes el inicio de la jornada de vacunaci\u00f3n contra Covid-19 a los ni\u00f1os de cinco a 11 a\u00f1os de edad, en un acto protocolario en el Centro Cultural y de Convenciones de Oaxaca (CCCO).<\/p>\n\n\n\n<p>Durante el evento se dio a conocer que en Oaxaca se aplicar\u00e1n 132 mil primeras dosis para este rango de edad a trav\u00e9s de 100 sedes en toda la entidad.<\/p>\n\n\n\n<p>En la entrevista colectiva, el mandatario tambi\u00e9n abord\u00f3 el tema de la inseguridad y hechos delictivos en la regi\u00f3n Mixteca, donde este lunes cinco personas, integrantes de una familia, fueron ejecutadas.<\/p>\n\n\n\n<p>Apunt\u00f3 que en esta regi\u00f3n est\u00e1 plenamente identificada la banda \u201cLos Pochotes\u201d, de quienes se han realizado detenciones.<\/p>\n\n\n\n<p>Sostuvo que el Gobierno del Estado continuar\u00e1 su trabajo en la zona para garantizar la seguridad.&nbsp;<\/p>\n","protected":false},"excerpt":{"rendered":"<p>Yuridiana Sosa\/Zona Roja. Oaxaca de Ju\u00e1rez, Oax., a 5 de julio de 2022.- Pese a&hellip;<\/p>\n","protected":false},"author":2,"featured_media":41844,"comment_status":"closed","ping_status":"open","sticky":false,"template":"","format":"standard","meta":{"_lmt_disableupdate":"","_lmt_disable":"","_jetpack_memberships_contains_paid_content":false,"footnotes":""},"categories":[109,47],"tags":[173],"class_list":["post-43175","post","type-post","status-publish","format-standard","has-post-thumbnail","hentry","category-minuto-a-minuto","category-zona-gris","tag-alejandro-murat-hinojosa"],"jetpack_featured_media_url":"https:\/\/zonaroja.com.mx\/wp-content\/uploads\/2022\/05\/287a5746-7f37-40fe-be1f-074a4cc20967.jpg","jetpack_sharing_enabled":true,"_links":{"self":[{"href":"https:\/\/zonaroja.com.mx\/index.php?rest_route=\/wp\/v2\/posts\/43175","targetHints":{"allow":["GET"]}}],"collection":[{"href":"https:\/\/zonaroja.com.mx\/index.php?rest_route=\/wp\/v2\/posts"}],"about":[{"href":"https:\/\/zonaroja.com.mx\/index.php?rest_route=\/wp\/v2\/types\/post"}],"author":[{"embeddable":true,"href":"https:\/\/zonaroja.com.mx\/index.php?rest_route=\/wp\/v2\/users\/2"}],"replies":[{"embeddable":true,"href":"https:\/\/zonaroja.com.mx\/index.php?rest_route=%2Fwp%2Fv2%2Fcomments&post=43175"}],"version-history":[{"count":1,"href":"https:\/\/zonaroja.com.mx\/index.php?rest_route=\/wp\/v2\/posts\/43175\/revisions"}],"predecessor-version":[{"id":43176,"href":"https:\/\/zonaroja.com.mx\/index.php?rest_route=\/wp\/v2\/posts\/43175\/revisions\/43176"}],"wp:featuredmedia":[{"embeddable":true,"href":"https:\/\/zonaroja.com.mx\/index.php?rest_route=\/wp\/v2\/media\/41844"}],"wp:attachment":[{"href":"https:\/\/zonaroja.com.mx\/index.php?rest_route=%2Fwp%2Fv2%2Fmedia&parent=43175"}],"wp:term":[{"taxonomy":"category","embeddable":true,"href":"https:\/\/zonaroja.com.mx\/index.php?rest_route=%2Fwp%2Fv2%2Fcategories&post=43175"},{"taxonomy":"post_tag","embeddable":true,"href":"https:\/\/zonaroja.com.mx\/index.php?rest_route=%2Fwp%2Fv2%2Ftags&post=43175"}],"curies":[{"name":"wp","href":"https:\/\/api.w.org\/{rel}","templated":true}]}}