{"id":43177,"date":"2022-07-05T21:19:31","date_gmt":"2022-07-06T02:19:31","guid":{"rendered":"http:\/\/www.zonaroja.com.mx\/?p=43177"},"modified":"2022-07-05T21:19:32","modified_gmt":"2022-07-06T02:19:32","slug":"registra-oaxaca-cuatro-crimenes-este-martes-en-valles-e-istmo","status":"publish","type":"post","link":"https:\/\/zonaroja.com.mx\/?p=43177","title":{"rendered":"Registra Oaxaca cuatro cr\u00edmenes este martes, en Valles e Istmo"},"content":{"rendered":"\n<p>Ismael Garc\u00eda M.\/Zona Roja.<\/p>\n\n\n\n<p>Oaxaca de Ju\u00e1rez, Oax., 5 de julio de 2022.- Al menos cuatro personas fueron asesinadas este martes en Oaxaca, entre ellas una mujer, en las regiones Valles Centrales e Istmo de Tehuantepec.<\/p>\n\n\n\n<p>El m\u00e1s reciente caso ocurri\u00f3 esta noche en la carretera riberas del r\u00edo \u201cAtoyac\u201d, jurisdicci\u00f3n de San Jacinto Amilpas, colindante con la capital, en que fue asesinada una persona del sexo masculino, con dos disparos de arma de fuego en el abdomen; la v\u00edctima a\u00fan no ha sido identificada.<\/p>\n\n\n\n<p>Previo a ello, en el municipio de Mat\u00edas Romero Avenda\u00f1o fue ultimado un individuo; el cuerpo fue localizado en la calle Justo Sierra, entre 5 de Mayo y Morelos; tampoco ha sido identificada la v\u00edctima.<\/p>\n\n\n\n<p>Momentos antes, en el municipio de Salina Cruz fue ejecutado un individuo a bordo de un veh\u00edculo que circulaba sobre la carretera federal costera, a la altura de la colonia Vicente Guerrero.<\/p>\n\n\n\n<figure class=\"wp-block-embed is-type-rich is-provider-twitter wp-block-embed-twitter\"><div class=\"wp-block-embed__wrapper\">\n<div class=\"twitter-tweet\"><blockquote class=\"twitter-tweet\" data-lang=\"es\"><p lang=\"es\" dir=\"ltr\"><a href=\"https:\/\/twitter.com\/hashtag\/OaxacaRojo?src=hash&amp;ref_src=twsrc%5Etfw\">#OaxacaRojo<\/a><br>Al menos tres personas han perdido la vida de manera violenta este martes en la regi\u00f3n del Istmo de Tehuantepec. <br>Un caso en el municipio de Mat\u00edas Romero y dos m\u00e1s en Salina Cruz. <br>El video es de un ejecutado en la carretera costera. <br>Video: <a href=\"https:\/\/twitter.com\/edwin_meneses81?ref_src=twsrc%5Etfw\">@edwin_meneses81<\/a> <a href=\"https:\/\/t.co\/H4zb0KhAZg\">pic.twitter.com\/H4zb0KhAZg<\/a><\/p>&mdash; Zona Roja Oaxaca (@ZonaRoja_Oaxaca) <a href=\"https:\/\/twitter.com\/ZonaRoja_Oaxaca\/status\/1544473110296104962?ref_src=twsrc%5Etfw\">6 de julio de 2022<\/a><\/blockquote><\/div>\n<\/div><\/figure>\n\n\n\n<p>La v\u00edctima fue identificada como Hugo A. L. C., alias \u201cEl Huachi\u201d, y presuntamente se dedicaba a actividades il\u00edcitas, entre ellas el \u201chuachicoleo\u201d de combustible; su asesinato lo investigan como un ajuste de cuentas entre bandas delictivas.<\/p>\n\n\n\n<p>Mientras tanto tambi\u00e9n en Salina Cruz, tambi\u00e9n este d\u00eda falleci\u00f3 una mujer, que fue atacada a balazos ayer y convalec\u00eda en un hospital.<\/p>\n\n\n\n<p>Se trata de Filadelfia M. D. P., de 56 a\u00f1os de edad, quien ayer fue baleada en la colonia Benito Ju\u00e1rez por sujetos desconocidos.<\/p>\n\n\n\n<p>Los tres municipios en que ocurrieron los hechos de este martes se distinguen por tener autoridades emanadas del Partido Morena.<\/p>\n","protected":false},"excerpt":{"rendered":"<p>Ismael Garc\u00eda M.\/Zona Roja. Oaxaca de Ju\u00e1rez, Oax., 5 de julio de 2022.- Al menos&hellip;<\/p>\n","protected":false},"author":2,"featured_media":43178,"comment_status":"closed","ping_status":"open","sticky":false,"template":"","format":"standard","meta":{"_lmt_disableupdate":"","_lmt_disable":"","_jetpack_memberships_contains_paid_content":false,"footnotes":""},"categories":[109,51],"tags":[228,168],"class_list":["post-43177","post","type-post","status-publish","format-standard","has-post-thumbnail","hentry","category-minuto-a-minuto","category-zona-roja","tag-matias-romero-avendano","tag-salina-cruz"],"jetpack_featured_media_url":"https:\/\/zonaroja.com.mx\/wp-content\/uploads\/2022\/07\/Asesinado-en-Salina-Cruz.jpg","jetpack_sharing_enabled":true,"_links":{"self":[{"href":"https:\/\/zonaroja.com.mx\/index.php?rest_route=\/wp\/v2\/posts\/43177","targetHints":{"allow":["GET"]}}],"collection":[{"href":"https:\/\/zonaroja.com.mx\/index.php?rest_route=\/wp\/v2\/posts"}],"about":[{"href":"https:\/\/zonaroja.com.mx\/index.php?rest_route=\/wp\/v2\/types\/post"}],"author":[{"embeddable":true,"href":"https:\/\/zonaroja.com.mx\/index.php?rest_route=\/wp\/v2\/users\/2"}],"replies":[{"embeddable":true,"href":"https:\/\/zonaroja.com.mx\/index.php?rest_route=%2Fwp%2Fv2%2Fcomments&post=43177"}],"version-history":[{"count":1,"href":"https:\/\/zonaroja.com.mx\/index.php?rest_route=\/wp\/v2\/posts\/43177\/revisions"}],"predecessor-version":[{"id":43179,"href":"https:\/\/zonaroja.com.mx\/index.php?rest_route=\/wp\/v2\/posts\/43177\/revisions\/43179"}],"wp:featuredmedia":[{"embeddable":true,"href":"https:\/\/zonaroja.com.mx\/index.php?rest_route=\/wp\/v2\/media\/43178"}],"wp:attachment":[{"href":"https:\/\/zonaroja.com.mx\/index.php?rest_route=%2Fwp%2Fv2%2Fmedia&parent=43177"}],"wp:term":[{"taxonomy":"category","embeddable":true,"href":"https:\/\/zonaroja.com.mx\/index.php?rest_route=%2Fwp%2Fv2%2Fcategories&post=43177"},{"taxonomy":"post_tag","embeddable":true,"href":"https:\/\/zonaroja.com.mx\/index.php?rest_route=%2Fwp%2Fv2%2Ftags&post=43177"}],"curies":[{"name":"wp","href":"https:\/\/api.w.org\/{rel}","templated":true}]}}