{"id":43180,"date":"2022-07-05T21:41:02","date_gmt":"2022-07-06T02:41:02","guid":{"rendered":"http:\/\/www.zonaroja.com.mx\/?p=43180"},"modified":"2022-07-05T21:41:04","modified_gmt":"2022-07-06T02:41:04","slug":"asciende-a-7-el-numero-de-asesinados-tras-tiroteo-en-illinois-eu","status":"publish","type":"post","link":"https:\/\/zonaroja.com.mx\/?p=43180","title":{"rendered":"Asciende a 7 el n\u00famero de asesinados tras tiroteo en Illinois, EU"},"content":{"rendered":"\n<p>Redacci\u00f3n\/Zona Roja Cdmx.<\/p>\n\n\n\n<p>Ciudad de M\u00e9xico, 5 de julio de 2022.- El sospechoso de 21 a\u00f1os de edad de haber perpetrado un tiroteo durante un desfile patri\u00f3tico del 4 de julio en una ciudad cercana a Chicago, fue acusado este martes de siete asesinatos en primer grado, dijo un fiscal local.&nbsp;<\/p>\n\n\n\n<p>El fiscal estatal del condado de Lake, Eric Rinehart, indic\u00f3 que el sospechoso Robert Crimo, de Highwood, Illinois, se enfrentar\u00e1 eventualmente a \u00abdocenas de cargos m\u00e1s\u00bb. Si es condenado, encara cadena perpetua obligatoria sin libertad condicional, agreg\u00f3.&nbsp;<\/p>\n\n\n\n<p>Se sabe que el tirador, de 21 a\u00f1os, eligi\u00f3 a sus v\u00edctimas al azar durante el desfile anual del D\u00eda de la Independencia, dijo la polic\u00eda el martes.<\/p>\n\n\n\n<p>Antes de se acusado de sembrar muerte y caos en el desfile por el D\u00eda de la Independencia estadunidense en Higland Park, la comunidad de este suburbio acomodado de Chicago conoc\u00eda a&nbsp;Robert&nbsp;Crimo&nbsp;como un ni\u00f1o tranquilo, exmiembro de los Boy Scouts.<\/p>\n\n\n\n<p>Pero en sus actividades en internet, el joven de 21 a\u00f1os, conocido por amigos y familiares como \u00abBobby\u00bb, mostraba una fuerte inclinaci\u00f3n a la violencia y exhib\u00eda su ira por ser ignorado por sus pares.<\/p>\n\n\n\n<p>\u201cLo conozco como alguien que era un Cub Scout cuando yo era el l\u00edder de los Cub Scouts\u00bb, declar\u00f3 el martes a la cadena NBC la alcaldesa de Highland Park, Nancy Rotering, quien describi\u00f3 a&nbsp;Crimo&nbsp;como \u00abapenas un ni\u00f1o peque\u00f1o\u00bb.<\/p>\n\n\n\n<p>\u201cEs una de esas cosas en las que das un paso atr\u00e1s en el tiempo y dices: &#8216;\u00bfQu\u00e9 pas\u00f3?'\u00bb, afirm\u00f3 despu\u00e9s de que&nbsp;Crimo&nbsp;cometiera el tr\u00e1gico ataque.<\/p>\n\n\n\n<p>Armado con un arma similar a un rifle semiautom\u00e1tico AR-15, \u00abBobby\u00bb abri\u00f3 fuego desde el tejado de un edificio contra cientos de personas que asist\u00edan al tradicional desfile del 4 de Julio. Al menos siete personas murieron y 26 resultaron heridas.<\/p>\n\n\n\n<p>Crimo, quien creci\u00f3 en Highland Park, viv\u00eda en un departamento detr\u00e1s de la casa de su padre, Bob&nbsp;Crimo, due\u00f1o de una tienda de comidas y se hab\u00eda postulado contra Rotering para la alcald\u00eda en 2019.<\/p>\n\n\n\n<p>El t\u00edo del detenido, Paul&nbsp;Crimo, dijo a CNN que su sobrino era una \u00abpersona tranquila y solitaria\u00bb.<\/p>\n\n\n\n<p>No vi se\u00f1ales que indicaran que har\u00eda algo como esto\u00bb, agreg\u00f3.<\/p>\n\n\n\n<p>No obstante, admiti\u00f3 que no disfrutaba interactuar con su sobrino: \u00abMe junto con \u00e9l, pero realmente no me gusta relacionarme con \u00e9l\u00bb.<\/p>\n","protected":false},"excerpt":{"rendered":"<p>Redacci\u00f3n\/Zona Roja Cdmx. Ciudad de M\u00e9xico, 5 de julio de 2022.- El sospechoso de 21&hellip;<\/p>\n","protected":false},"author":2,"featured_media":43181,"comment_status":"closed","ping_status":"open","sticky":false,"template":"","format":"standard","meta":{"_lmt_disableupdate":"","_lmt_disable":"","_jetpack_memberships_contains_paid_content":false,"footnotes":""},"categories":[109,47],"tags":[],"class_list":["post-43180","post","type-post","status-publish","format-standard","has-post-thumbnail","hentry","category-minuto-a-minuto","category-zona-gris"],"jetpack_featured_media_url":"https:\/\/zonaroja.com.mx\/wp-content\/uploads\/2022\/07\/Presunto-asesino-Illinois.jpeg","jetpack_sharing_enabled":true,"_links":{"self":[{"href":"https:\/\/zonaroja.com.mx\/index.php?rest_route=\/wp\/v2\/posts\/43180","targetHints":{"allow":["GET"]}}],"collection":[{"href":"https:\/\/zonaroja.com.mx\/index.php?rest_route=\/wp\/v2\/posts"}],"about":[{"href":"https:\/\/zonaroja.com.mx\/index.php?rest_route=\/wp\/v2\/types\/post"}],"author":[{"embeddable":true,"href":"https:\/\/zonaroja.com.mx\/index.php?rest_route=\/wp\/v2\/users\/2"}],"replies":[{"embeddable":true,"href":"https:\/\/zonaroja.com.mx\/index.php?rest_route=%2Fwp%2Fv2%2Fcomments&post=43180"}],"version-history":[{"count":1,"href":"https:\/\/zonaroja.com.mx\/index.php?rest_route=\/wp\/v2\/posts\/43180\/revisions"}],"predecessor-version":[{"id":43182,"href":"https:\/\/zonaroja.com.mx\/index.php?rest_route=\/wp\/v2\/posts\/43180\/revisions\/43182"}],"wp:featuredmedia":[{"embeddable":true,"href":"https:\/\/zonaroja.com.mx\/index.php?rest_route=\/wp\/v2\/media\/43181"}],"wp:attachment":[{"href":"https:\/\/zonaroja.com.mx\/index.php?rest_route=%2Fwp%2Fv2%2Fmedia&parent=43180"}],"wp:term":[{"taxonomy":"category","embeddable":true,"href":"https:\/\/zonaroja.com.mx\/index.php?rest_route=%2Fwp%2Fv2%2Fcategories&post=43180"},{"taxonomy":"post_tag","embeddable":true,"href":"https:\/\/zonaroja.com.mx\/index.php?rest_route=%2Fwp%2Fv2%2Ftags&post=43180"}],"curies":[{"name":"wp","href":"https:\/\/api.w.org\/{rel}","templated":true}]}}