{"id":43186,"date":"2022-07-06T09:00:00","date_gmt":"2022-07-06T14:00:00","guid":{"rendered":"http:\/\/www.zonaroja.com.mx\/?p=43186"},"modified":"2022-07-06T07:10:08","modified_gmt":"2022-07-06T12:10:08","slug":"huye-lider-del-pri-del-pais-tras-investigaciones-dice-que-denunciara-acoso","status":"publish","type":"post","link":"https:\/\/zonaroja.com.mx\/?p=43186","title":{"rendered":"Huye l\u00edder del PRI del pa\u00eds tras investigaciones; dice que denunciar\u00e1 acoso"},"content":{"rendered":"\n<p>Redacci\u00f3n\/Zona Roja Cdmx.<\/p>\n\n\n\n<p>Ciudad de M\u00e9xico, 6 de julio de 2022.- Ante las investigaciones en su contra por su probable enriquecimiento il\u00edcito, el dirigente nacional del PRI, Alejandro Moreno C\u00e1rdenas, huy\u00f3 del pa\u00eds.<\/p>\n\n\n\n<p>Aunque argument\u00f3 que su salida al extranjero ser\u00e1 para denunciar a nivel internacional el acoso y persecuci\u00f3n que vive por parte del gobierno de Campeche, que preside la morenista Layda Sansores, y el gobierno federal.<\/p>\n\n\n\n<p>Mientras que el Presidente de M\u00e9xico, Andr\u00e9s Manuel L\u00f3pez Obrador lo defendi\u00f3 ayer, \u201caunque no es santo de mi devoci\u00f3n\u201d, por los cateos a sus domicilios, Moreno acus\u00f3 que el pa\u00eds vive una \u201cdictadura\u201d y se \u201cpersigue a opositores pol\u00edticos\u201d.<\/p>\n\n\n\n<p>El presidente nacional del PRI acudir\u00e1 primero a Ginebra, Suiza pero har\u00e1 una escala en Par\u00eds Francia; prev\u00e9 acudir a organismos internacionales para denunciar al gobierno de M\u00e9xico.<\/p>\n\n\n\n<p>Seg\u00fan public\u00f3 el diario \u201cMilenio\u201d, Moreno C\u00e1rdenas ha denunciado que M\u00e9xico enfrenta la peor crisis de seguridad que jam\u00e1s se haya vivido, pero \u201cal gobierno y a Morena le importa m\u00e1s generar distractores y atentar contra la democracia\u201d. \u201cM\u00e9xico se est\u00e1 convirtiendo en la nueva cara del autoritarismo en Latinoam\u00e9rica y si no ponemos un alto nuestro pa\u00eds se convertir\u00e1 en una dictadura\u201d, se\u00f1al\u00f3.&nbsp;<\/p>\n\n\n\n<p>Tambi\u00e9n, acus\u00f3 a la gobernadora de Campeche, Layda Sansores, quien desde hace dos meses ha difundido audios en contra de Moreno, de liderar una campa\u00f1a de calumnias y mentiras en su contra.&nbsp;<\/p>\n\n\n\n<p>M\u00daLTIPLES PROPIEDADES<\/p>\n\n\n\n<p>Por su parte, el diario \u201cReforma\u201d public\u00f3 este mi\u00e9rcoles que Alejandro Moreno declar\u00f3 un valor de 5.3 millones por 15 propiedades que adquiri\u00f3 entre 2012 y 2015, las cuales ten\u00edan un valor real de casi 103 millones de pesos, pero adem\u00e1s, ahora suma 23 bienes inmuebles, revelan dos diferentes investigaciones de la Fiscal\u00eda General de la Rep\u00fablica (FGR) y de la Fiscal\u00eda de Campeche.<\/p>\n\n\n\n<p>En 2019, Alejandro Moreno fue denunciado ante la FGR por el ex Gobernador de Oaxaca, Ulises Ruiz, por mentir en su declaraci\u00f3n patrimonial 3 de 3 sobre los costos de 15 propiedades en Campeche, se\u00f1al\u00f3 el rotativo.<\/p>\n\n\n\n<p>Conforme los expedientes, a los que \u201cReforma\u201d tuvo acceso, en la denuncia de julio de 2019 se document\u00f3 que Alejandro Moreno hab\u00eda declarado que pag\u00f3 al contado por esos 15 terrenos o predios en construcci\u00f3n 5.3 millones de pesos, cuando en realidad su valor comercial era de casi 103 millones de pesos.<\/p>\n\n\n\n<p>Por otra parte, anoche Layda Sansores present\u00f3 una en\u00e9sima supuesta conversaci\u00f3n entre Moreno C\u00e1rdenas y el ex gobernador Jos\u00e9 Murat.<\/p>\n\n\n\n<p>En la conversaci\u00f3n, con un lenguaje soez, el l\u00edder nacional del PRI habla con el ex mandatario de Oaxaca sobre \u201capretar\u201d a diversos empresarios a los que nombran, entre los que destacan Germ\u00e1n Larrea, Baill\u00e8res y \u00c1lvaro Fern\u00e1ndez.<\/p>\n\n\n\n<p>\u201cAh no, \u2019perate que el monopolio\u2026 que el monopolio es la cogida que le van a dar. Germ\u00e1n Larrea, Baill\u00e8res, los de Gicsa, \u00c1lvaro Fern\u00e1ndez\u2026 chinguen a su puta madre&#8230; cuando tenga yo la comisi\u00f3n, vamos a cogernos a los empresarios con una reforma vergas, o sea, pa\u2019 que se caguen. Apretarlos, se van a cagar&#8230;\u201d, dice Moreno C\u00e1rdenas.<\/p>\n\n\n\n<p>Asegura que hab\u00eda tenido una pl\u00e1tica con el exconsejero jur\u00eddico de la Presidencia, Julio Scherer, para que encarcelara a panistas y perredistas, sin tocar a los del PRI.<\/p>\n\n\n\n<p>En otro fragmento de la conversaci\u00f3n, afirma que tanto el empresario Carlos Slim, como la empresaria Mar\u00eda Asunci\u00f3n Aramburuzabala y los due\u00f1os de Grupo M\u00e9xico iban a ceder a sus peticiones con la Ley Minera, seg\u00fan public\u00f3 el diario \u201cExc\u00e9lsior\u201d.<\/p>\n","protected":false},"excerpt":{"rendered":"<p>Redacci\u00f3n\/Zona Roja Cdmx. Ciudad de M\u00e9xico, 6 de julio de 2022.- Ante las investigaciones en&hellip;<\/p>\n","protected":false},"author":2,"featured_media":43187,"comment_status":"closed","ping_status":"open","sticky":false,"template":"","format":"standard","meta":{"_lmt_disableupdate":"","_lmt_disable":"","_jetpack_memberships_contains_paid_content":false,"footnotes":""},"categories":[109,47],"tags":[314],"class_list":["post-43186","post","type-post","status-publish","format-standard","has-post-thumbnail","hentry","category-minuto-a-minuto","category-zona-gris","tag-alejandro-moreno-cardenas"],"jetpack_featured_media_url":"https:\/\/zonaroja.com.mx\/wp-content\/uploads\/2022\/07\/Alejandro-Moreno-y-Layda-Sansores.jpeg","jetpack_sharing_enabled":true,"_links":{"self":[{"href":"https:\/\/zonaroja.com.mx\/index.php?rest_route=\/wp\/v2\/posts\/43186","targetHints":{"allow":["GET"]}}],"collection":[{"href":"https:\/\/zonaroja.com.mx\/index.php?rest_route=\/wp\/v2\/posts"}],"about":[{"href":"https:\/\/zonaroja.com.mx\/index.php?rest_route=\/wp\/v2\/types\/post"}],"author":[{"embeddable":true,"href":"https:\/\/zonaroja.com.mx\/index.php?rest_route=\/wp\/v2\/users\/2"}],"replies":[{"embeddable":true,"href":"https:\/\/zonaroja.com.mx\/index.php?rest_route=%2Fwp%2Fv2%2Fcomments&post=43186"}],"version-history":[{"count":2,"href":"https:\/\/zonaroja.com.mx\/index.php?rest_route=\/wp\/v2\/posts\/43186\/revisions"}],"predecessor-version":[{"id":43189,"href":"https:\/\/zonaroja.com.mx\/index.php?rest_route=\/wp\/v2\/posts\/43186\/revisions\/43189"}],"wp:featuredmedia":[{"embeddable":true,"href":"https:\/\/zonaroja.com.mx\/index.php?rest_route=\/wp\/v2\/media\/43187"}],"wp:attachment":[{"href":"https:\/\/zonaroja.com.mx\/index.php?rest_route=%2Fwp%2Fv2%2Fmedia&parent=43186"}],"wp:term":[{"taxonomy":"category","embeddable":true,"href":"https:\/\/zonaroja.com.mx\/index.php?rest_route=%2Fwp%2Fv2%2Fcategories&post=43186"},{"taxonomy":"post_tag","embeddable":true,"href":"https:\/\/zonaroja.com.mx\/index.php?rest_route=%2Fwp%2Fv2%2Ftags&post=43186"}],"curies":[{"name":"wp","href":"https:\/\/api.w.org\/{rel}","templated":true}]}}