{"id":43190,"date":"2022-07-06T07:35:52","date_gmt":"2022-07-06T12:35:52","guid":{"rendered":"http:\/\/www.zonaroja.com.mx\/?p=43190"},"modified":"2022-07-06T07:35:54","modified_gmt":"2022-07-06T12:35:54","slug":"participa-poder-judicial-de-oaxaca-en-firma-de-convenio-entre-el-pjf-y-gobierno","status":"publish","type":"post","link":"https:\/\/zonaroja.com.mx\/?p=43190","title":{"rendered":"Participa Poder Judicial de Oaxaca en firma de convenio entre el PJF y gobierno"},"content":{"rendered":"\n<p>Redacci\u00f3n\/Zona Roja.<\/p>\n\n\n\n<p>Oaxaca de Ju\u00e1rez, Oax., 6 de julio de 2022.- El titular del Poder Judicial del Estado, magistrado Eduardo Pinacho S\u00e1nchez, particip\u00f3 en la firma del convenio&nbsp;\u201cPor una Justicia m\u00e1s cercana a las Personas Ind\u00edgenas\u201d,&nbsp;formalizado entre el Gobierno del Estado de Oaxaca y el Poder Judicial de la Federaci\u00f3n (PJF), en&nbsp;el edificio sede del Alto Tribunal, en la Ciudad de M\u00e9xico.<\/p>\n\n\n\n<p>Al ser&nbsp;Oaxaca un estado pluricultural, con dos terceras partes de la poblaci\u00f3n total reconocidas como ind\u00edgenas, el presidente del Tribunal Superior de Justicia y del Consejo de la Judicatura,&nbsp;resalt\u00f3&nbsp;la trascendencia del convenio firmado por el&nbsp;ministro presidente Arturo Zald\u00edvar y el&nbsp;gobernador&nbsp;Alejandro Murat Hinojosa,&nbsp;para que a trav\u00e9s del Instituto Federal de Defensor\u00eda P\u00fablica se coadyuve con las autoridades de la entidad en la defensa de personas de escasos recursos &nbsp;y vulnerables con una defensa de calidad.<\/p>\n\n\n\n<p>Al t\u00e9rmino de la ceremonia, destac\u00f3 que como ejes principales de su administraci\u00f3n&nbsp;al frente del Poder Judicial del Estado&nbsp;se encuentra la incorporaci\u00f3n del pluralismo jur\u00eddico y la perspectiva de g\u00e9nero en los procedimientos, as\u00ed como el establecimiento de un di\u00e1logo entre el Poder Judicial y las autoridades comunitarias.<\/p>\n\n\n\n<p>Tambi\u00e9n, el intercambio de conocimientos para mejorar la actuaci\u00f3n jurisdiccional, la consolidaci\u00f3n de una justicia abierta, la reflexi\u00f3n sobre las resoluciones emitidas desde la visi\u00f3n de la academia y la sociedad civil&nbsp;como&nbsp;el Centro Profesional Ind\u00edgena de Asesor\u00eda, Defensa y Traducci\u00f3n (Cepiadet)&nbsp;y otras agrupaciones.<\/p>\n\n\n\n<p>En esta labor, mencion\u00f3 que el a\u00f1o pasado por la implementaci\u00f3n del proyecto \u201cDi\u00e1logo entre Justicias\u201d&nbsp;se&nbsp;recibi\u00f3 el premio \u201cCopilli 2021\u201d a las buenas pr\u00e1cticas gubernamentales que otorgan la Secretar\u00eda de Relaciones Exteriores (SRE), la Agencia Mexicana de Cooperaci\u00f3n Internacional para el Desarrollo (Amexid) y la Sociedad Alemana para la Cooperaci\u00f3n Internacional, denominada GIZ (por sus siglas en alem\u00e1n).<\/p>\n\n\n\n<p>El magistrado Pinacho S\u00e1nchez&nbsp;puntualiz\u00f3&nbsp;que,&nbsp;con esta suma de esfuerzos&nbsp;con el PJF, el sistema de justicia se har\u00e1 m\u00e1s efectivo y sobre todo m\u00e1s protector de un sector hist\u00f3ricamente vulnerable como es el de los pueblos ind\u00edgenas.<\/p>\n\n\n\n<p>Tambi\u00e9n&nbsp;estuvieron presentes en la ceremonia,&nbsp;el&nbsp;Director General del Instituto Federal de Defensor\u00eda P\u00fablica,&nbsp;Netza\u00ed Sandoval Ballesteros;&nbsp;la Consejera de la Judicatura Federal, Eva Ver\u00f3nica de Gyv\u00e9s Z\u00e1rate; la Secretar\u00eda de las Mujeres de Oaxaca, Ana Isabel V\u00e1squez Colmenares Guzm\u00e1n y la Secretar\u00eda de Pueblos Ind\u00edgenas y Afromexicano, Edith Aparicio Mart\u00ednez.<\/p>\n","protected":false},"excerpt":{"rendered":"<p>Redacci\u00f3n\/Zona Roja. Oaxaca de Ju\u00e1rez, Oax., 6 de julio de 2022.- El titular del Poder&hellip;<\/p>\n","protected":false},"author":2,"featured_media":43191,"comment_status":"closed","ping_status":"open","sticky":false,"template":"","format":"standard","meta":{"_lmt_disableupdate":"","_lmt_disable":"","_jetpack_memberships_contains_paid_content":false,"footnotes":""},"categories":[109,46],"tags":[223],"class_list":["post-43190","post","type-post","status-publish","format-standard","has-post-thumbnail","hentry","category-minuto-a-minuto","category-zona-blanca","tag-poder-judicial-de-oaxaca"],"jetpack_featured_media_url":"https:\/\/zonaroja.com.mx\/wp-content\/uploads\/2022\/07\/Poder-Judicial-convenio-SCJN.jpg","jetpack_sharing_enabled":true,"_links":{"self":[{"href":"https:\/\/zonaroja.com.mx\/index.php?rest_route=\/wp\/v2\/posts\/43190","targetHints":{"allow":["GET"]}}],"collection":[{"href":"https:\/\/zonaroja.com.mx\/index.php?rest_route=\/wp\/v2\/posts"}],"about":[{"href":"https:\/\/zonaroja.com.mx\/index.php?rest_route=\/wp\/v2\/types\/post"}],"author":[{"embeddable":true,"href":"https:\/\/zonaroja.com.mx\/index.php?rest_route=\/wp\/v2\/users\/2"}],"replies":[{"embeddable":true,"href":"https:\/\/zonaroja.com.mx\/index.php?rest_route=%2Fwp%2Fv2%2Fcomments&post=43190"}],"version-history":[{"count":1,"href":"https:\/\/zonaroja.com.mx\/index.php?rest_route=\/wp\/v2\/posts\/43190\/revisions"}],"predecessor-version":[{"id":43192,"href":"https:\/\/zonaroja.com.mx\/index.php?rest_route=\/wp\/v2\/posts\/43190\/revisions\/43192"}],"wp:featuredmedia":[{"embeddable":true,"href":"https:\/\/zonaroja.com.mx\/index.php?rest_route=\/wp\/v2\/media\/43191"}],"wp:attachment":[{"href":"https:\/\/zonaroja.com.mx\/index.php?rest_route=%2Fwp%2Fv2%2Fmedia&parent=43190"}],"wp:term":[{"taxonomy":"category","embeddable":true,"href":"https:\/\/zonaroja.com.mx\/index.php?rest_route=%2Fwp%2Fv2%2Fcategories&post=43190"},{"taxonomy":"post_tag","embeddable":true,"href":"https:\/\/zonaroja.com.mx\/index.php?rest_route=%2Fwp%2Fv2%2Ftags&post=43190"}],"curies":[{"name":"wp","href":"https:\/\/api.w.org\/{rel}","templated":true}]}}