{"id":43193,"date":"2022-07-06T12:40:00","date_gmt":"2022-07-06T17:40:00","guid":{"rendered":"http:\/\/www.zonaroja.com.mx\/?p=43193"},"modified":"2022-07-06T07:43:58","modified_gmt":"2022-07-06T12:43:58","slug":"opinion-el-sermon-de-adan","status":"publish","type":"post","link":"https:\/\/zonaroja.com.mx\/?p=43193","title":{"rendered":"Opini\u00f3n. El serm\u00f3n de Ad\u00e1n"},"content":{"rendered":"\n<p>Gibr\u00e1n Ram\u00edrez Reyes*<\/p>\n\n\n\n<p>Reprimir el cuestionamiento es un reflejo de quien ya sabe que no puede convencer \u2014y, por tanto, es m\u00e1s un s\u00edmbolo de debilidad que de poder.&nbsp;<\/p>\n\n\n\n<p>Eso lo tiene claro el Presidente de la Rep\u00fablica, molesto con sus cr\u00edticos, jesuitas, guerrilleros u oligarcas; de ultraderecha, de centro, o de ultraizquierda; de Morena o externos.&nbsp;<\/p>\n\n\n\n<p>Su extensi\u00f3n funcional, el ariete del silencio al cuestionamiento, de la estigmatizaci\u00f3n de la cr\u00edtica y del intento de acallar la disidencia de Morena es Ad\u00e1n Augusto L\u00f3pez Hern\u00e1ndez, quien ha tomado un tono anacr\u00f3nico, sectario, renuente a la argumentaci\u00f3n.&nbsp;<\/p>\n\n\n\n<p>En los recientes m\u00edtines y una entrevista, ha dicho: \u201cNo son tiempos de debates pol\u00edticos o regateos. Es el momento de Andr\u00e9s Manuel L\u00f3pez Obrador y lo tenemos que acompa\u00f1ar sin ninguna duda\u201d. La democracia interna \u201cno es un asunto de sumisi\u00f3n o de rebeld\u00edas, sino de entender lo que significa la cuarta transformaci\u00f3n, y es estar solidarios y acompa\u00f1ando al presidente L\u00f3pez Obrador\u201d.&nbsp;<\/p>\n\n\n\n<p>\u201cNi antes&nbsp;ni despu\u00e9s. Los tiempos del se\u00f1or son perfectos. Ahora es el tiempo de la unidad. Es el tiempo de la transformaci\u00f3n del pa\u00eds. Eso es lo que Andr\u00e9s Manuel L\u00f3pez Obrador nos ha ense\u00f1ado\u201d.&nbsp;<\/p>\n\n\n\n<p>\u201cPretender que cualquiera de nosotros va a estar a la altura del liderazgo, del compromiso, de la imaginaci\u00f3n hecha pol\u00edtica p\u00fablica del Presidente, es equivocarnos, darnos contra la pared. Solitos no somos nadie\u201d.&nbsp;<\/p>\n\n\n\n<p>\u201cAndr\u00e9s Manuel va a estar (en la boleta), \u00e9l es el creador de este movimiento, es el origen y es el destino\u201d. \u201cLa gran avenida en este pa\u00eds ya la abri\u00f3 Andr\u00e9s Manuel L\u00f3pez Obrador y todo M\u00e9xico tiene que acompa\u00f1arlo\u201d. \u201cDejemos de lado la aspiraci\u00f3n personal. Porque adem\u00e1s no tenemos derecho a regatearle&nbsp;al hombre que est\u00e1 transformando el pa\u00eds, la unidad y el apoyo total. Es la hora de Andr\u00e9s Manuel L\u00f3pez Obrador\u201d.&nbsp;<\/p>\n\n\n\n<p>Dejemos por ahora la falta de argumentaci\u00f3n. Seg\u00fan el art\u00edculo 41 de la Constituci\u00f3n, \u201clos partidos pol\u00edticos tienen como fin promover la participaci\u00f3n del pueblo en la vida democr\u00e1tica, fomentar el principio de paridad de g\u00e9nero, contribuir a la integraci\u00f3n de los \u00f3rganos de representaci\u00f3n pol\u00edtica, y como organizaciones ciudadanas, hacer posible su acceso al ejercicio del poder p\u00fablico, de acuerdo con los programas, principios e ideas que postulan y mediante el sufragio universal, libre, secreto y directo, as\u00ed como con las reglas que marque la ley electoral para garantizar la paridad de g\u00e9nero, en las candidaturas a los distintos cargos de elecci\u00f3n popular.&nbsp;<\/p>\n\n\n\n<p>Solo los ciudadanos y ciudadanas podr\u00e1n formar partidos pol\u00edticos y afiliarse libre e individualmente a ellos\u201d. Es decir: los partidos son un espacio para el debate pol\u00edtico, para el di\u00e1logo entre sumisi\u00f3n y rebeld\u00eda, para la igualdad ciudadana, para la participaci\u00f3n de los que, seg\u00fan Ad\u00e1n, sin AMLO \u201csomos nadie\u201d, para ejercer los derechos (incluido el de regatear apoyo) y para se\u00f1alar cuando un programa pol\u00edtico no se ha cumplido en lo fundamental.&nbsp;<\/p>\n\n\n\n<p>Querer suprimir el cuestionamiento, el debate pol\u00edtico, blindar dogm\u00e1ticamente a un ser humano y su ejercicio de gobierno, no es solo un tic autoritario, sino ilegal.&nbsp;<\/p>\n\n\n\n<p>Ning\u00fan secretario de Gobernaci\u00f3n en la historia posrevolucionaria se hab\u00eda entregado as\u00ed de p\u00fablicamente al sectarismo partidista y la zalamer\u00eda. Tendr\u00e1 que recordar que, en pol\u00edtica, quienes pretenden ser religi\u00f3n antes de dejar un legado, han terminado arrollados y caricaturizados por las fuerzas de la historia.<\/p>\n\n\n\n<p>*Doctor en derecho por la UNAM.<\/p>\n\n\n\n<p>@gibranrr&nbsp;<\/p>\n","protected":false},"excerpt":{"rendered":"<p>Gibr\u00e1n Ram\u00edrez Reyes* Reprimir el cuestionamiento es un reflejo de quien ya sabe que no&hellip;<\/p>\n","protected":false},"author":2,"featured_media":41734,"comment_status":"closed","ping_status":"open","sticky":false,"template":"","format":"standard","meta":{"_lmt_disableupdate":"","_lmt_disable":"","_jetpack_memberships_contains_paid_content":false,"footnotes":""},"categories":[456,109],"tags":[2489],"class_list":["post-43193","post","type-post","status-publish","format-standard","has-post-thumbnail","hentry","category-columna","category-minuto-a-minuto","tag-gibran-ramirez-reyes"],"jetpack_featured_media_url":"https:\/\/zonaroja.com.mx\/wp-content\/uploads\/2022\/05\/Opinion-Gibran-Ramirez-Reyes.jpg","jetpack_sharing_enabled":true,"_links":{"self":[{"href":"https:\/\/zonaroja.com.mx\/index.php?rest_route=\/wp\/v2\/posts\/43193","targetHints":{"allow":["GET"]}}],"collection":[{"href":"https:\/\/zonaroja.com.mx\/index.php?rest_route=\/wp\/v2\/posts"}],"about":[{"href":"https:\/\/zonaroja.com.mx\/index.php?rest_route=\/wp\/v2\/types\/post"}],"author":[{"embeddable":true,"href":"https:\/\/zonaroja.com.mx\/index.php?rest_route=\/wp\/v2\/users\/2"}],"replies":[{"embeddable":true,"href":"https:\/\/zonaroja.com.mx\/index.php?rest_route=%2Fwp%2Fv2%2Fcomments&post=43193"}],"version-history":[{"count":1,"href":"https:\/\/zonaroja.com.mx\/index.php?rest_route=\/wp\/v2\/posts\/43193\/revisions"}],"predecessor-version":[{"id":43194,"href":"https:\/\/zonaroja.com.mx\/index.php?rest_route=\/wp\/v2\/posts\/43193\/revisions\/43194"}],"wp:featuredmedia":[{"embeddable":true,"href":"https:\/\/zonaroja.com.mx\/index.php?rest_route=\/wp\/v2\/media\/41734"}],"wp:attachment":[{"href":"https:\/\/zonaroja.com.mx\/index.php?rest_route=%2Fwp%2Fv2%2Fmedia&parent=43193"}],"wp:term":[{"taxonomy":"category","embeddable":true,"href":"https:\/\/zonaroja.com.mx\/index.php?rest_route=%2Fwp%2Fv2%2Fcategories&post=43193"},{"taxonomy":"post_tag","embeddable":true,"href":"https:\/\/zonaroja.com.mx\/index.php?rest_route=%2Fwp%2Fv2%2Ftags&post=43193"}],"curies":[{"name":"wp","href":"https:\/\/api.w.org\/{rel}","templated":true}]}}