{"id":4320,"date":"2019-09-26T22:47:38","date_gmt":"2019-09-27T03:47:38","guid":{"rendered":"http:\/\/www.zonaroja.com.mx\/?p=4320"},"modified":"2019-09-26T22:47:41","modified_gmt":"2019-09-27T03:47:41","slug":"jueves-rojo-dos-ejecutados-un-homicidio-culposo-ataque-a-balazos-a-mujeres","status":"publish","type":"post","link":"https:\/\/zonaroja.com.mx\/?p=4320","title":{"rendered":"Jueves rojo: dos ejecutados, un homicidio culposo, ataque a balazos a mujeres\u2026"},"content":{"rendered":"\n<p>Redacci\u00f3n\/Zona\nRoja.<\/p>\n\n\n\n<p>Oaxaca de\nJu\u00e1rez, Oax., 26 de septiembre de 2019.- Oaxaca vivi\u00f3 una en\u00e9sima jornada\nsangrienta, con dos personas ejecutadas, un homicidio culposo, el ataque armado\na dos mujeres y un menor de edad, as\u00ed como el asalto a una sucursal bancaria y\nun robo frustrado.<\/p>\n\n\n\n<p>Esta noche,\nen el municipio de Chahuites, regi\u00f3n del Istmo de Tehuantepec, fue atacado a\nbalazos un individuo en la colonia San Antonio; al ser trasladado al hospital\nde San Pedro Tapanatepec, perdi\u00f3 la vida; hasta el momento se desconoce la\nidentidad de la v\u00edctima.<\/p>\n\n\n\n<p>Mientras tanto\nalrededor de las seis de la tarde y tras una persecuci\u00f3n, elementos de la\nPolic\u00eda Vial lograron recuperar en jurisdicci\u00f3n de Santa Luc\u00eda del Camino una\nmotocicleta robada marca Bajaj con placas 1V8AU por las riberas del r\u00edo Salado,\nSan Antonio de la Cal.<\/p>\n\n\n\n<p>Dos sujetos, uno de ellos armado, pretend\u00edan huir a bordo de un taxi azul del sitio \u201cSanta Cruz de Oriente\u201d afilado a CATEM, con placas de circulaci\u00f3n 3369-SJL, de Santa Cruz Amilpas; tras el forcejeo, un elemento result\u00f3 lesionado por golpes pero se logr\u00f3 detener a un presunto implicado en los hechos mientras otro huy\u00f3.<\/p>\n\n\n\n<figure class=\"wp-block-embed-twitter wp-block-embed is-type-rich is-provider-twitter\"><div class=\"wp-block-embed__wrapper\">\n<div class=\"twitter-tweet\"><blockquote class=\"twitter-tweet\" data-lang=\"es\"><p lang=\"es\" dir=\"ltr\"><a href=\"https:\/\/twitter.com\/hashtag\/ENVIVO?src=hash&amp;ref_src=twsrc%5Etfw\">#ENVIVO<\/a><br>Santa Luc\u00eda del Camino, Oax. <br>Intento de robo de una motocicleta en la avenida L\u00e1zaro C\u00e1rdenas; hay un elemento vial y al menos un presunto ladr\u00f3n detenido; intentaba huir en taxi de la organizaci\u00f3n CATEM.<br>\ud83d\udc47<a href=\"https:\/\/t.co\/g4WAiavZcT\">https:\/\/t.co\/g4WAiavZcT<\/a> <a href=\"https:\/\/t.co\/6IQCXyyvNT\">pic.twitter.com\/6IQCXyyvNT<\/a><\/p>&mdash; Zona Roja Oaxaca (@MexRoja) <a href=\"https:\/\/twitter.com\/MexRoja\/status\/1177374355212230657?ref_src=twsrc%5Etfw\">27 de septiembre de 2019<\/a><\/blockquote><\/div>\n<\/div><\/figure>\n\n\n\n<p>Por la\ntarde, una se\u00f1ora y su hijo menor de edad fueron atacados a balazos en\ninmediaciones del pante\u00f3n del municipio de Miahuatl\u00e1n de Porfirio D\u00edaz, quienes\nfueron trasladados al hospital del IMSS de esa cabecera distrital.<\/p>\n\n\n\n<p>Por la\nma\u00f1ana en la calle Hidalgo esquina con Fiallo del Centro Hist\u00f3rico de la ciudad\nde Oaxaca, una mujer fue hallada en el interior de un taxi, con heridas\nproducidas por arma de fuego; fue identificada como Trinidad Jes\u00fas Mart\u00ednez\nGarc\u00eda y al parecer los agresores fueron sus propios familiares.<\/p>\n\n\n\n<p>Por la\ntarde, en trabajos de repavimentaci\u00f3n en las riberas del r\u00edo \u201cAtoyac\u201d,\njurisdicci\u00f3n de Oaxaca de Ju\u00e1rez, una maniobra con una maquinaria pesada\norigin\u00f3 que \u00e9sta aplastara al responsable de la obra, identificado como Omar S.\nL.; el conductor de la unidad fue detenido.<\/p>\n\n\n\n<p>Mientras\ntanto, en Ciudad Ixtepec, fue asaltada la sucursal del banco Bancomer; varios\nsujetos armados ingresaron al sitio, amagaron a los empleados y se llevaron\ndinero en efectivo, sin precisar el monto.<\/p>\n\n\n\n<p>A su vez, en\nSan Juan Bautista Tuxtepec, fue ejecutada una en\u00e9sima persona, en esta ocasi\u00f3n\nen la colonia La Moderna, hasta donde llegaron sujetos armados que acribillaron\na quien en vida fue conocido como Gil Gonz\u00e1lez Rodr\u00edguez, de 54 a\u00f1os de edad.<\/p>\n","protected":false},"excerpt":{"rendered":"<p>Redacci\u00f3n\/Zona Roja. Oaxaca de Ju\u00e1rez, Oax., 26 de septiembre de 2019.- Oaxaca vivi\u00f3 una en\u00e9sima&hellip;<\/p>\n","protected":false},"author":2,"featured_media":4321,"comment_status":"closed","ping_status":"open","sticky":false,"template":"","format":"standard","meta":{"_lmt_disableupdate":"","_lmt_disable":"","_jetpack_memberships_contains_paid_content":false,"footnotes":""},"categories":[109,51],"tags":[775],"class_list":["post-4320","post","type-post","status-publish","format-standard","has-post-thumbnail","hentry","category-minuto-a-minuto","category-zona-roja","tag-jueves-sangriento-en-oaxaca"],"jetpack_featured_media_url":"https:\/\/zonaroja.com.mx\/wp-content\/uploads\/2019\/09\/eZy-Watermark_26-09-2019_10-34-26p.-m..jpg","jetpack_sharing_enabled":true,"_links":{"self":[{"href":"https:\/\/zonaroja.com.mx\/index.php?rest_route=\/wp\/v2\/posts\/4320","targetHints":{"allow":["GET"]}}],"collection":[{"href":"https:\/\/zonaroja.com.mx\/index.php?rest_route=\/wp\/v2\/posts"}],"about":[{"href":"https:\/\/zonaroja.com.mx\/index.php?rest_route=\/wp\/v2\/types\/post"}],"author":[{"embeddable":true,"href":"https:\/\/zonaroja.com.mx\/index.php?rest_route=\/wp\/v2\/users\/2"}],"replies":[{"embeddable":true,"href":"https:\/\/zonaroja.com.mx\/index.php?rest_route=%2Fwp%2Fv2%2Fcomments&post=4320"}],"version-history":[{"count":1,"href":"https:\/\/zonaroja.com.mx\/index.php?rest_route=\/wp\/v2\/posts\/4320\/revisions"}],"predecessor-version":[{"id":4322,"href":"https:\/\/zonaroja.com.mx\/index.php?rest_route=\/wp\/v2\/posts\/4320\/revisions\/4322"}],"wp:featuredmedia":[{"embeddable":true,"href":"https:\/\/zonaroja.com.mx\/index.php?rest_route=\/wp\/v2\/media\/4321"}],"wp:attachment":[{"href":"https:\/\/zonaroja.com.mx\/index.php?rest_route=%2Fwp%2Fv2%2Fmedia&parent=4320"}],"wp:term":[{"taxonomy":"category","embeddable":true,"href":"https:\/\/zonaroja.com.mx\/index.php?rest_route=%2Fwp%2Fv2%2Fcategories&post=4320"},{"taxonomy":"post_tag","embeddable":true,"href":"https:\/\/zonaroja.com.mx\/index.php?rest_route=%2Fwp%2Fv2%2Ftags&post=4320"}],"curies":[{"name":"wp","href":"https:\/\/api.w.org\/{rel}","templated":true}]}}