{"id":43202,"date":"2022-07-06T08:20:41","date_gmt":"2022-07-06T13:20:41","guid":{"rendered":"http:\/\/www.zonaroja.com.mx\/?p=43202"},"modified":"2022-07-06T08:20:42","modified_gmt":"2022-07-06T13:20:42","slug":"tras-dos-anos-regresa-guelaguetza-magisterial-y-popular","status":"publish","type":"post","link":"https:\/\/zonaroja.com.mx\/?p=43202","title":{"rendered":"Tras dos a\u00f1os, regresa Guelaguetza Magisterial y Popular"},"content":{"rendered":"\n<p>Redacci\u00f3n\/Zona Roja.<\/p>\n\n\n\n<p>Oaxaca de Ju\u00e1rez, Oax., 6 de julio de 2022.- \u201cRegresamos\u2026 En medio de la pandemia que dej\u00f3 luto y desolaci\u00f3n, pero que nos ense\u00f1\u00f3 que la educaci\u00f3n puede llegar hasta las comunidades m\u00e1s apartadas de nuestro estado con maestros dispuestos a seguir sembrando semillas de justicia y educaci\u00f3n\u201d.<\/p>\n\n\n\n<p>As\u00ed inicia la Secci\u00f3n 22 del Sindicato Nacional de Trabajadores de la Educaci\u00f3n (SNTE) para dar a conocer la reanudaci\u00f3n de la llamada Guelaguetza Magisterial y Popular, tras dos a\u00f1os de suspensi\u00f3n por la pandemia por Covid-19.<\/p>\n\n\n\n<p>\u201cCaminamos, resistimos y nos organizamos para seguir luchando, por educaci\u00f3n, por nuestros derechos, por la libertad, por justicia, por el pueblo y los recursos naturales. Por la vida, por el agua, por una educaci\u00f3n que nos ense\u00f1e a pensar y no a obedecer.<\/p>\n\n\n\n<p>Coreamos en las calles, frente al Estado, ante las injusticias, por la libertad y la verdad. Trabajamos en las aulas empu\u00f1ando el l\u00e1piz ense\u00f1ando que se puede vivir con dignidad\u201d.<\/p>\n\n\n\n<p>Se\u00f1ala la gremial, que a\u00fan dirige Eloy L\u00f3pez Hern\u00e1ndez, al detallar que la fiesta iniciar\u00e1 el s\u00e1bado 23 de julio a las 15:00 horas, con concentraci\u00f3n en la Plazuela del Carmen Alto para el tradicional recorrido de las delegaciones en los principales barrios de la ciudad para arribar al z\u00f3calo de la resistencia.<\/p>\n\n\n\n<p>El domingo 24 de julio a las 15:00 horas, concentraci\u00f3n en la Plazuela del Carmen Alto tambi\u00e9n recorrido de las delegaciones en los principales barrios de la ciudad para arribar al z\u00f3calo.<\/p>\n\n\n\n<p>El lunes 25 de julio a las 09:00 horas \u201cde la resistencia\u201d, se efectuar\u00e1 la Guelaguetza Magisterial y Popular 2022 en el estadio del Instituto Tecnol\u00f3gico de Oaxaca.<\/p>\n","protected":false},"excerpt":{"rendered":"<p>Redacci\u00f3n\/Zona Roja. Oaxaca de Ju\u00e1rez, Oax., 6 de julio de 2022.- \u201cRegresamos\u2026 En medio de&hellip;<\/p>\n","protected":false},"author":2,"featured_media":43203,"comment_status":"closed","ping_status":"open","sticky":false,"template":"","format":"standard","meta":{"_lmt_disableupdate":"","_lmt_disable":"","_jetpack_memberships_contains_paid_content":false,"footnotes":""},"categories":[109,46],"tags":[312],"class_list":["post-43202","post","type-post","status-publish","format-standard","has-post-thumbnail","hentry","category-minuto-a-minuto","category-zona-blanca","tag-seccion-22-del-snte"],"jetpack_featured_media_url":"https:\/\/zonaroja.com.mx\/wp-content\/uploads\/2022\/07\/Guelaguetza-magisterial.jpg","jetpack_sharing_enabled":true,"_links":{"self":[{"href":"https:\/\/zonaroja.com.mx\/index.php?rest_route=\/wp\/v2\/posts\/43202","targetHints":{"allow":["GET"]}}],"collection":[{"href":"https:\/\/zonaroja.com.mx\/index.php?rest_route=\/wp\/v2\/posts"}],"about":[{"href":"https:\/\/zonaroja.com.mx\/index.php?rest_route=\/wp\/v2\/types\/post"}],"author":[{"embeddable":true,"href":"https:\/\/zonaroja.com.mx\/index.php?rest_route=\/wp\/v2\/users\/2"}],"replies":[{"embeddable":true,"href":"https:\/\/zonaroja.com.mx\/index.php?rest_route=%2Fwp%2Fv2%2Fcomments&post=43202"}],"version-history":[{"count":1,"href":"https:\/\/zonaroja.com.mx\/index.php?rest_route=\/wp\/v2\/posts\/43202\/revisions"}],"predecessor-version":[{"id":43204,"href":"https:\/\/zonaroja.com.mx\/index.php?rest_route=\/wp\/v2\/posts\/43202\/revisions\/43204"}],"wp:featuredmedia":[{"embeddable":true,"href":"https:\/\/zonaroja.com.mx\/index.php?rest_route=\/wp\/v2\/media\/43203"}],"wp:attachment":[{"href":"https:\/\/zonaroja.com.mx\/index.php?rest_route=%2Fwp%2Fv2%2Fmedia&parent=43202"}],"wp:term":[{"taxonomy":"category","embeddable":true,"href":"https:\/\/zonaroja.com.mx\/index.php?rest_route=%2Fwp%2Fv2%2Fcategories&post=43202"},{"taxonomy":"post_tag","embeddable":true,"href":"https:\/\/zonaroja.com.mx\/index.php?rest_route=%2Fwp%2Fv2%2Ftags&post=43202"}],"curies":[{"name":"wp","href":"https:\/\/api.w.org\/{rel}","templated":true}]}}