{"id":43211,"date":"2022-07-06T14:41:50","date_gmt":"2022-07-06T19:41:50","guid":{"rendered":"https:\/\/www.zonaroja.com.mx\/?p=43211"},"modified":"2022-07-06T14:43:21","modified_gmt":"2022-07-06T19:43:21","slug":"inicia-proceso-para-dividir-fraccion-de-morena-en-el-congreso-de-oaxaca","status":"publish","type":"post","link":"https:\/\/zonaroja.com.mx\/?p=43211","title":{"rendered":"Inicia proceso para dividir fracci\u00f3n de Morena en el Congreso de Oaxaca"},"content":{"rendered":"\n<p>Yuridiana Sosa\/ Zona Roja.<\/p>\n\n\n\n<p>Oaxaca de Ju\u00e1rez, Oax., a 6 de julio de 2022.- Entre discusiones para evitar la lectura de la solicitud del&nbsp; Acta de Constituci\u00f3n del grupo parlamentario de la \u201cCuarta Transformaci\u00f3n\u201d,&nbsp;este mi\u00e9rcoles&nbsp;inici\u00f3 en la 65 Legislatura el proceso para dividir la fracci\u00f3n&nbsp;de Morena.<\/p>\n\n\n\n<p>Desde el pasado&nbsp;13 de abril, los disputados Horacio Sosa Villavicencio, C\u00e9sar David Mateos Ben\u00edtez, Sesul Bola\u00f1os L\u00f3pez, Concepci\u00f3n Rueda G\u00f3mez y Melina Hern\u00e1ndez Sosa presentaron su intenci\u00f3n de independizarse de la fracci\u00f3n mayoritaria.<\/p>\n\n\n\n<p>Iniciada la sesi\u00f3n, y una vez aprobado el orden del d\u00eda, la presidenta de la Mesa Directiva, Mariana Ben\u00edtez Tiburcio, inici\u00f3 la lectura del oficio enviado a la presidencia el pasado 5 de julio por los interesados, como un recordatorio de este proceso, pero de inmediato fue interrumpida.<\/p>\n\n\n\n<p>\u201cLe pido que no cambie el orden del d\u00eda, si tiene alguna comunicaci\u00f3n, someta previamente al pleno previamente si est\u00e1 de acuerdo o no\u201d, insisti\u00f3 por varios minutos el diputado Luis Alfonso&nbsp;Silva Romo.<\/p>\n\n\n\n<p>Marian Ben\u00edtez tuvo que recurrir a la lectura del reglamento de sesiones para explicar que es parte de sus facultades realizar dicha acci\u00f3n, sin que signifique modificar el orden del d\u00eda, pero los reclamos de forma espec\u00edfica de Silva romo no la dejaban continuar.<\/p>\n\n\n\n<p>\u201cLe pido por favor que me permita terminar, explicar. No voy a leer todo el documento, ni someterlo a consideraci\u00f3n, simplemente est\u00e1 en mis facultades, dirigido a m\u00ed, dar cuenta del oficio suscrito por cinco diputados donde me solicitan que se lea el oficio en la sesi\u00f3n. Solicitan que se constituya el grupo parlamentario de la Cuarta Transformaci\u00f3n\u201d, manifest\u00f3 la Ben\u00edtez Tiburcio en medio de un gran bullicio que generaron los morenitas del grupo mayoritario para impedir el entendimiento del tema.<\/p>\n\n\n\n<p>Varios diputados de la fracci\u00f3n mayoritaria tambi\u00e9n expresaron su inconformidad por la acci\u00f3n de la presidenta de la Mesa Directiva, a quien solicitaron apegarse al orden del d\u00eda.<\/p>\n\n\n\n<p>El documento expresa: \u201cNos permitimos dirigirnos hoy a usted para solicitarle&nbsp; que en la pr\u00f3xima sesi\u00f3n ordinaria de esta soberan\u00eda se d\u00e9 lectura al acta de constituci\u00f3n de grupo parlamentario a que nos referimos en el p\u00e1rrafo anterior, y en consecuencia se haga la declaratoria de constituci\u00f3n de un grupo parlamentario, facultad prevista en el tercer p\u00e1rrafo del art\u00edculo 80 de la Ley org\u00e1nica del Poder Legislativo\u201d.&nbsp;<\/p>\n\n\n\n<p>El documento qued\u00f3 a reserva de su estudio y posterior dictaminaci\u00f3n. <\/p>\n","protected":false},"excerpt":{"rendered":"<p>Yuridiana Sosa\/ Zona Roja. Oaxaca de Ju\u00e1rez, Oax., a 6 de julio de 2022.- Entre&hellip;<\/p>\n","protected":false},"author":2,"featured_media":43210,"comment_status":"closed","ping_status":"open","sticky":false,"template":"","format":"standard","meta":{"_lmt_disableupdate":"","_lmt_disable":"","_jetpack_memberships_contains_paid_content":false,"footnotes":""},"categories":[109,46],"tags":[],"class_list":["post-43211","post","type-post","status-publish","format-standard","has-post-thumbnail","hentry","category-minuto-a-minuto","category-zona-blanca"],"jetpack_featured_media_url":"https:\/\/zonaroja.com.mx\/wp-content\/uploads\/2022\/07\/img_7780.jpg","jetpack_sharing_enabled":true,"_links":{"self":[{"href":"https:\/\/zonaroja.com.mx\/index.php?rest_route=\/wp\/v2\/posts\/43211","targetHints":{"allow":["GET"]}}],"collection":[{"href":"https:\/\/zonaroja.com.mx\/index.php?rest_route=\/wp\/v2\/posts"}],"about":[{"href":"https:\/\/zonaroja.com.mx\/index.php?rest_route=\/wp\/v2\/types\/post"}],"author":[{"embeddable":true,"href":"https:\/\/zonaroja.com.mx\/index.php?rest_route=\/wp\/v2\/users\/2"}],"replies":[{"embeddable":true,"href":"https:\/\/zonaroja.com.mx\/index.php?rest_route=%2Fwp%2Fv2%2Fcomments&post=43211"}],"version-history":[{"count":1,"href":"https:\/\/zonaroja.com.mx\/index.php?rest_route=\/wp\/v2\/posts\/43211\/revisions"}],"predecessor-version":[{"id":43212,"href":"https:\/\/zonaroja.com.mx\/index.php?rest_route=\/wp\/v2\/posts\/43211\/revisions\/43212"}],"wp:featuredmedia":[{"embeddable":true,"href":"https:\/\/zonaroja.com.mx\/index.php?rest_route=\/wp\/v2\/media\/43210"}],"wp:attachment":[{"href":"https:\/\/zonaroja.com.mx\/index.php?rest_route=%2Fwp%2Fv2%2Fmedia&parent=43211"}],"wp:term":[{"taxonomy":"category","embeddable":true,"href":"https:\/\/zonaroja.com.mx\/index.php?rest_route=%2Fwp%2Fv2%2Fcategories&post=43211"},{"taxonomy":"post_tag","embeddable":true,"href":"https:\/\/zonaroja.com.mx\/index.php?rest_route=%2Fwp%2Fv2%2Ftags&post=43211"}],"curies":[{"name":"wp","href":"https:\/\/api.w.org\/{rel}","templated":true}]}}