{"id":43213,"date":"2022-07-06T17:14:17","date_gmt":"2022-07-06T22:14:17","guid":{"rendered":"http:\/\/www.zonaroja.com.mx\/?p=43213"},"modified":"2022-07-06T17:14:18","modified_gmt":"2022-07-06T22:14:18","slug":"frena-el-ine-actos-proselitistas-de-funcionarios-emanados-de-morena","status":"publish","type":"post","link":"https:\/\/zonaroja.com.mx\/?p=43213","title":{"rendered":"Frena el INE actos proselitistas de funcionarios emanados de Morena"},"content":{"rendered":"\n<p>Redacci\u00f3n\/Zona Roja Cdmx.<\/p>\n\n\n\n<p>Ciudad de M\u00e9xico, 6 de julio de 2022-. La Comisi\u00f3n de Quejas y Denuncias del INE otorg\u00f3 la tutela preventiva al PRD para ordenar a Morena suspender los actos masivos que podr\u00edan constituirse en actos anticipados de precampa\u00f1a y campa\u00f1a, desde el \u00e1mbito local, que podr\u00edan influir en las gubernaturas de Coahuila y Estado de M\u00e9xico, y en la elecci\u00f3n presidencial de 2024.<\/p>\n\n\n\n<p>Tambi\u00e9n ordena a 30 funcionarios p\u00fablicos abstenerse de participar en este tipo de eventos.<\/p>\n\n\n\n<p>Los tres consejeros integrantes de la comisi\u00f3n explicaron que se \u201caprecia una posible estrategia\u201d para posicionar a Morena y sus aspirantes, fuera de los plazos legales, lo que influir\u00eda de manera irregular en las pr\u00f3ximas elecciones de 2023 y en las presidenciales de 2024.<\/p>\n\n\n\n<p>Lo anterior, luego que el sol azteca se quej\u00f3 del evento realizado por Morena en Coahuila, al que asistieron aspirantes a la presidencia, entre otros.<\/p>\n\n\n\n<p>Adriana Favela, Claudia Zavala y Ciro Murayama coincidieron en explicar que, en el caso del evento del Estado de M\u00e9xico, no ten\u00edan elementos para presumir una posible estrategia, cosa que, en el caso del evento de Coahuila, s\u00ed podr\u00eda llegarse a esa conclusi\u00f3n, por el precedente de Toluca.<\/p>\n\n\n\n<p>Durante a la sesi\u00f3n, el consejero Murayama hizo un \u201cllamado a que no se sigan haciendo estos actos anticipados de precampa\u00f1a o de campa\u00f1a ni a difundirlos, es decir, el proselitismo siempre tiene la intenci\u00f3n de llegar a la ciudadan\u00eda y persuadirla sobre su intenci\u00f3n de voto\u201d.<\/p>\n\n\n\n<p>Tambi\u00e9n se ordena a 30 servidores p\u00fablicos, entre ellos 11 gobernadores en funciones y electos, as\u00ed como a la jefa de Gobierno de la Ciudad de M\u00e9xico, el presidente de la Rep\u00fablica, Andr\u00e9s Manuel L\u00f3pez Obrador, a cuatro senadores, entre ellos a Ricardo Monreal e Higinio Mart\u00ednez, a cinco diputados, entre ellos Ignacio Mier, Sergio Guti\u00e9rrez y Mario Llergo, as\u00ed como a cuatro secretarios de Estado de la Federaci\u00f3n, como Marcelo Ebrard, Ad\u00e1n Agusto L\u00f3pez y Delfina G\u00f3mez, y funcionarios como Jes\u00fas Ram\u00edrez y Horacio Duarte, \u201cabstenerse de participar en eventos iguales o similares\u201d.<\/p>\n\n\n\n<p>(Informaci\u00f3n de \u201cExc\u00e9lsior\u201d)<\/p>\n","protected":false},"excerpt":{"rendered":"<p>Redacci\u00f3n\/Zona Roja Cdmx. Ciudad de M\u00e9xico, 6 de julio de 2022-. La Comisi\u00f3n de Quejas&hellip;<\/p>\n","protected":false},"author":2,"featured_media":43214,"comment_status":"closed","ping_status":"open","sticky":false,"template":"","format":"standard","meta":{"_lmt_disableupdate":"","_lmt_disable":"","_jetpack_memberships_contains_paid_content":false,"footnotes":""},"categories":[109,47],"tags":[582],"class_list":["post-43213","post","type-post","status-publish","format-standard","has-post-thumbnail","hentry","category-minuto-a-minuto","category-zona-gris","tag-partido-morena"],"jetpack_featured_media_url":"https:\/\/zonaroja.com.mx\/wp-content\/uploads\/2022\/07\/Proselitismo-funcionarios-Morena-Mexico.jpeg","jetpack_sharing_enabled":true,"_links":{"self":[{"href":"https:\/\/zonaroja.com.mx\/index.php?rest_route=\/wp\/v2\/posts\/43213","targetHints":{"allow":["GET"]}}],"collection":[{"href":"https:\/\/zonaroja.com.mx\/index.php?rest_route=\/wp\/v2\/posts"}],"about":[{"href":"https:\/\/zonaroja.com.mx\/index.php?rest_route=\/wp\/v2\/types\/post"}],"author":[{"embeddable":true,"href":"https:\/\/zonaroja.com.mx\/index.php?rest_route=\/wp\/v2\/users\/2"}],"replies":[{"embeddable":true,"href":"https:\/\/zonaroja.com.mx\/index.php?rest_route=%2Fwp%2Fv2%2Fcomments&post=43213"}],"version-history":[{"count":1,"href":"https:\/\/zonaroja.com.mx\/index.php?rest_route=\/wp\/v2\/posts\/43213\/revisions"}],"predecessor-version":[{"id":43215,"href":"https:\/\/zonaroja.com.mx\/index.php?rest_route=\/wp\/v2\/posts\/43213\/revisions\/43215"}],"wp:featuredmedia":[{"embeddable":true,"href":"https:\/\/zonaroja.com.mx\/index.php?rest_route=\/wp\/v2\/media\/43214"}],"wp:attachment":[{"href":"https:\/\/zonaroja.com.mx\/index.php?rest_route=%2Fwp%2Fv2%2Fmedia&parent=43213"}],"wp:term":[{"taxonomy":"category","embeddable":true,"href":"https:\/\/zonaroja.com.mx\/index.php?rest_route=%2Fwp%2Fv2%2Fcategories&post=43213"},{"taxonomy":"post_tag","embeddable":true,"href":"https:\/\/zonaroja.com.mx\/index.php?rest_route=%2Fwp%2Fv2%2Ftags&post=43213"}],"curies":[{"name":"wp","href":"https:\/\/api.w.org\/{rel}","templated":true}]}}