{"id":43216,"date":"2022-07-06T17:37:51","date_gmt":"2022-07-06T22:37:51","guid":{"rendered":"http:\/\/www.zonaroja.com.mx\/?p=43216"},"modified":"2022-07-06T17:37:52","modified_gmt":"2022-07-06T22:37:52","slug":"protesta-deriva-en-demanda-contra-edil-de-santiago-chazumba-por-violencia-de-genero","status":"publish","type":"post","link":"https:\/\/zonaroja.com.mx\/?p=43216","title":{"rendered":"Protesta deriva en demanda contra edil de Santiago Chazumba, por violencia de g\u00e9nero"},"content":{"rendered":"\n<p>Yuridiana Sosa\/ Zona Roja.<\/p>\n\n\n\n<p>Oaxaca de Ju\u00e1rez, Oax., a 6 de julio de 2022.- Rodeado de polic\u00edas ante un pu\u00f1ado de manifestantes, el edil de Santiago Chazumba, Efra\u00edn Bautista Garc\u00eda, arrib\u00f3 al palacio municipal s\u00f3lo para agredir y encender el enojo de pobladores que exigen una obra.<\/p>\n\n\n\n<p>Por lo que habitantes de la poblaci\u00f3n del Barrio de Santa Luc\u00eda, de dicho municipio mixteco, presentaron una denuncia ante la Fiscal\u00eda General de Estado, en la sede de la Vicefiscal\u00eda de la Mixteca, contra el presidente municipal por el delito de violencia f\u00edsica contra una mujer que se encontraba en la protesta.<\/p>\n\n\n\n<p>Los pobladores arribaron el martes 5 de julio al palacio municipal para solicitar la autorizaci\u00f3n de material para la construcci\u00f3n de dos biodigestores, lo cual hab\u00edan requerido como obra prioritaria desde inicio de la administraci\u00f3n.<\/p>\n\n\n\n<p>La ejecuci\u00f3n de la obra est\u00e1 planeada para el pr\u00f3ximo domingo por medio del tequio, pero desde el mes de marzo presentaron la debida solicitud al ayuntamiento. La lista incluye 500 block, 20 varillas, un viaje de grava-arena, un viaje de arena; adem\u00e1s, dos toneladas de cemento, entre otros materiales de construcci\u00f3n.<\/p>\n\n\n\n<p>Ante la negativa del presidente de atender la solicitud por falta de recursos, la asamblea del pueblo decidi\u00f3 acudir en protesta al palacio municipal, donde no encontraron al edil al momento de su llegada.<\/p>\n\n\n\n<p>Los habitantes se\u00f1alaron que en respuesta a su solicitud, el secretario municipal, Eduardo Carre\u00f3n Reyes, respondi\u00f3: \u201csi quieren piedra y arena rec\u00f3janla de la calle\u201d, lo que provoc\u00f3 el enojo de los manifestantes, que como medida de presi\u00f3n retuvieron a al menos seis funcionarios al interior del palacio municipal.<\/p>\n\n\n\n<p>ESCOLTADO Y A EMPUJONES<\/p>\n\n\n\n<p>La protesta se intensific\u00f3 ante el arribo posterior del edil, emanado del Partido del Trabajo, a quien elementos de la polic\u00eda municipal protegieron en todo momento para evitar su retenci\u00f3n en las oficinas municipales.<\/p>\n\n\n\n<p>Mujeres y hombres trataron de detener el paso del edil para entablar un di\u00e1logo, lo que gener\u00f3 empujones y gritos.<\/p>\n\n\n\n<p>Entre los reclamos se escuch\u00f3 que el edil trat\u00f3 de golpear a una de las manifestantes, adem\u00e1s de que presuntamente se encontraba en estado de ebriedad.<\/p>\n\n\n\n<p>Luego de varios minutos de trifulca, de forma obligada el edil escuch\u00f3 la exigencia de los pobladores, pero advirti\u00f3 que no existen recursos para tal aportaci\u00f3n.<\/p>\n\n\n\n<p>Como forma de conciliaci\u00f3n al problema, los pobladores exhortaron a Bautista Garc\u00eda a revisar sus cuentas para cumplir con la comunidad.&nbsp;<\/p>\n","protected":false},"excerpt":{"rendered":"<p>Yuridiana Sosa\/ Zona Roja. Oaxaca de Ju\u00e1rez, Oax., a 6 de julio de 2022.- Rodeado&hellip;<\/p>\n","protected":false},"author":2,"featured_media":43217,"comment_status":"closed","ping_status":"open","sticky":false,"template":"","format":"standard","meta":{"_lmt_disableupdate":"","_lmt_disable":"","_jetpack_memberships_contains_paid_content":false,"footnotes":""},"categories":[109,47],"tags":[3184],"class_list":["post-43216","post","type-post","status-publish","format-standard","has-post-thumbnail","hentry","category-minuto-a-minuto","category-zona-gris","tag-santiago-chazumba"],"jetpack_featured_media_url":"https:\/\/zonaroja.com.mx\/wp-content\/uploads\/2022\/07\/Conflicto-Santiago-Chazumba.jpg","jetpack_sharing_enabled":true,"_links":{"self":[{"href":"https:\/\/zonaroja.com.mx\/index.php?rest_route=\/wp\/v2\/posts\/43216","targetHints":{"allow":["GET"]}}],"collection":[{"href":"https:\/\/zonaroja.com.mx\/index.php?rest_route=\/wp\/v2\/posts"}],"about":[{"href":"https:\/\/zonaroja.com.mx\/index.php?rest_route=\/wp\/v2\/types\/post"}],"author":[{"embeddable":true,"href":"https:\/\/zonaroja.com.mx\/index.php?rest_route=\/wp\/v2\/users\/2"}],"replies":[{"embeddable":true,"href":"https:\/\/zonaroja.com.mx\/index.php?rest_route=%2Fwp%2Fv2%2Fcomments&post=43216"}],"version-history":[{"count":1,"href":"https:\/\/zonaroja.com.mx\/index.php?rest_route=\/wp\/v2\/posts\/43216\/revisions"}],"predecessor-version":[{"id":43218,"href":"https:\/\/zonaroja.com.mx\/index.php?rest_route=\/wp\/v2\/posts\/43216\/revisions\/43218"}],"wp:featuredmedia":[{"embeddable":true,"href":"https:\/\/zonaroja.com.mx\/index.php?rest_route=\/wp\/v2\/media\/43217"}],"wp:attachment":[{"href":"https:\/\/zonaroja.com.mx\/index.php?rest_route=%2Fwp%2Fv2%2Fmedia&parent=43216"}],"wp:term":[{"taxonomy":"category","embeddable":true,"href":"https:\/\/zonaroja.com.mx\/index.php?rest_route=%2Fwp%2Fv2%2Fcategories&post=43216"},{"taxonomy":"post_tag","embeddable":true,"href":"https:\/\/zonaroja.com.mx\/index.php?rest_route=%2Fwp%2Fv2%2Ftags&post=43216"}],"curies":[{"name":"wp","href":"https:\/\/api.w.org\/{rel}","templated":true}]}}