{"id":43219,"date":"2022-07-06T20:51:00","date_gmt":"2022-07-07T01:51:00","guid":{"rendered":"http:\/\/www.zonaroja.com.mx\/?p=43219"},"modified":"2022-07-06T20:51:03","modified_gmt":"2022-07-07T01:51:03","slug":"otro-dia-de-protestas-en-oaxaca-por-apatia-de-autoridades","status":"publish","type":"post","link":"https:\/\/zonaroja.com.mx\/?p=43219","title":{"rendered":"Otro d\u00eda de protestas en Oaxaca, por apat\u00eda de autoridades"},"content":{"rendered":"\n<p>Yuridiana Sosa\/Zona Roja.<\/p>\n\n\n\n<p>Oaxaca de Ju\u00e1rez, Oax., Oax., a 6 de julio de 2022.- Habitantes de comunidades, organizaciones, trabajadores acad\u00e9micos, cada uno por su parte, se manifest\u00f3 este mi\u00e9rcoles en la capital del estado, en denuncia y exigencia de atenciones, principalmente por parte del gobierno de Oaxaca y municipal de Oaxaca de Ju\u00e1rez.<\/p>\n\n\n\n<p>En el complejo de Ciudad Judicial, en San Bartolo Coyotepec, habitantes de Santiago Astata retuvieron por varias horas al personal administrativo para presionar al gobierno de Oaxaca a entregarles recursos para obras en su comunidad.<\/p>\n\n\n\n<p>Ante la desatenci\u00f3n de las autoridades estatales, los pobladores, que portaban palos, recurrieron a la violencia, causando temor entre los afectados; alrededor de las 17:00 horas permitieron la salida de los bur\u00f3cratas.<\/p>\n\n\n\n<p>CAPITAL DEL DESORDEN<\/p>\n\n\n\n<p>Por tercer d\u00eda consecutivo, integrantes de la organizaci\u00f3n Frente Ind\u00edgena de los Pueblos Olvidados de Oaxaca (FIPOO) mantienen un bloqueo en la avenida Independencia de la ciudad capital para presionar al gobierno municipal de Francisco Mart\u00ednez Neri un di\u00e1logo y cumplir con las demandas.<\/p>\n\n\n\n<p>Con ba\u00f1os port\u00e1tiles sobre la v\u00eda p\u00fablica, mantas, vallas y reducido grupo de personas, la organizaci\u00f3n bloque\u00f3 el paso por varias cuadras, ubic\u00e1ndose b\u00e1sicamente a un costado del jard\u00edn S\u00f3crates e iglesia de la Soledad, a unos pasos del Palacio Municipal que se ubica sobre la calle siguiente, al cruzar la Plaza de la Danza.<\/p>\n\n\n\n<p>Exigen obra de rehabilitaci\u00f3n de red de drenaje en una colonia de la agencia de San Mart\u00edn Mexic\u00e1pam y la Secretar\u00eda General de Gobierno (Segego) demandan recursos del fondo de apoyo a defraudados de cajas de ahorros para habitantes de la Mixteca.<\/p>\n\n\n\n<figure class=\"wp-block-embed is-type-rich is-provider-twitter wp-block-embed-twitter\"><div class=\"wp-block-embed__wrapper\">\n<div class=\"twitter-tweet\"><blockquote class=\"twitter-tweet\" data-lang=\"es\"><p lang=\"es\" dir=\"ltr\">Finalmente los inspectores y polic\u00edas del <a href=\"https:\/\/twitter.com\/MunicipioOaxaca?ref_src=twsrc%5Etfw\">@MunicipioOaxaca<\/a> lograron retirar puestos ambulantes instalados en la colonia Reforma de la capital, Cerda de tiendas de autoservicio de marca nacional. <a href=\"https:\/\/t.co\/Kuw00TgITL\">pic.twitter.com\/Kuw00TgITL<\/a><\/p>&mdash; Zona Roja Oaxaca (@ZonaRoja_Oaxaca) <a href=\"https:\/\/twitter.com\/ZonaRoja_Oaxaca\/status\/1544841349857513474?ref_src=twsrc%5Etfw\">7 de julio de 2022<\/a><\/blockquote><\/div>\n<\/div><\/figure>\n\n\n\n<p>TAMBI\u00c9N AMBULANTES<\/p>\n\n\n\n<p>En el norte de la ciudad, en la colonia Reforma, vendedores ambulantes adheridos a la Confederaci\u00f3n Libertad se manifestaron ante el incumplimiento de la autoridad municipal por respetar y aplicar por igual el programa \u201cMi\u00e9rcoles sin ambulantes\u00bb.<\/p>\n\n\n\n<p>Se\u00f1alaron que el ayuntamiento municipal beneficia a algunos grupos de vendedores permiti\u00e9ndoles su instalaci\u00f3n este d\u00eda, por lo que sentenciaron que ellos har\u00e1n lo mismo, en tanto se aplique sin distingo dicha iniciativa.<\/p>\n\n\n\n<p>Por otra parte, en el z\u00f3calo de la capital diversas organizaciones integradas en la Asamblea del Pueblo en Defensa del Territorio, Educaci\u00f3n P\u00fablica, Gratuita y los Derechos Humanos se pronunciaron ante la falta de atenci\u00f3n a sus demandas de justicia social por parte del Gobierno de Oaxaca, por lo que anunciaron movilizaciones en pr\u00f3ximos d\u00edas y no descartan que algunas sean durante las fiestas de la Guelaguetza.<\/p>\n\n\n\n<p>UABJO DE CABEZA<\/p>\n\n\n\n<p>Integrantes del Sindicato de Trabajadores y Empleados de la Universidad Aut\u00f3noma \u201cBenito Ju\u00e1rez\u201d de Oaxaca se manifestaron frente a oficinas de la Rector\u00eda para exigir pagos atrasados desde el 2020.<\/p>\n\n\n\n<p>El secretario de escalaf\u00f3n, Jorge Carrasco, se\u00f1al\u00f3 que pese a los requerimientos y evidencias de los d\u00edas festivos laborados, la Universidad no ha efectuado el pago correspondiente.<\/p>\n\n\n\n<p>Esta protesta se a\u00f1ade a la serie de inconformidades que han surgido de parte de los trabajadores de la UABJO tras la llegada de Cristian \u00c9der Carre\u00f1o L\u00f3pez.\u00a0<\/p>\n\n\n\n<figure class=\"wp-block-embed is-type-rich is-provider-twitter wp-block-embed-twitter\"><div class=\"wp-block-embed__wrapper\">\n<div class=\"twitter-tweet\"><blockquote class=\"twitter-tweet\" data-lang=\"es\"><p lang=\"es\" dir=\"ltr\"><a href=\"https:\/\/twitter.com\/hashtag\/%C3%9AltimoMinuto?src=hash&amp;ref_src=twsrc%5Etfw\">#\u00daltimoMinuto<\/a> <br>No cesan los conflictos en la <a href=\"https:\/\/twitter.com\/UABJO?ref_src=twsrc%5Etfw\">@UABJO<\/a>, mientras el rector <a href=\"https:\/\/twitter.com\/RectorCristian?ref_src=twsrc%5Etfw\">@RectorCristian<\/a> se distrae en otras situaciones. <br>Un grupo de trabajadores \u201ctoma\u201d la rector\u00eda para exigir cumplimiento a diversas demandas. <a href=\"https:\/\/t.co\/7KXIAOcOUP\">pic.twitter.com\/7KXIAOcOUP<\/a><\/p>&mdash; Zona Roja Oaxaca (@ZonaRoja_Oaxaca) <a href=\"https:\/\/twitter.com\/ZonaRoja_Oaxaca\/status\/1544707096335319040?ref_src=twsrc%5Etfw\">6 de julio de 2022<\/a><\/blockquote><\/div>\n<\/div><\/figure>\n","protected":false},"excerpt":{"rendered":"<p>Yuridiana Sosa\/Zona Roja. Oaxaca de Ju\u00e1rez, Oax., Oax., a 6 de julio de 2022.- Habitantes&hellip;<\/p>\n","protected":false},"author":2,"featured_media":43220,"comment_status":"closed","ping_status":"open","sticky":false,"template":"","format":"standard","meta":{"_lmt_disableupdate":"","_lmt_disable":"","_jetpack_memberships_contains_paid_content":false,"footnotes":""},"categories":[109,47],"tags":[2254],"class_list":["post-43219","post","type-post","status-publish","format-standard","has-post-thumbnail","hentry","category-minuto-a-minuto","category-zona-gris","tag-protestas-y-bloqueos-oaxaca"],"jetpack_featured_media_url":"https:\/\/zonaroja.com.mx\/wp-content\/uploads\/2022\/07\/Protesta-ambulantes-Libertad.jpg","jetpack_sharing_enabled":true,"_links":{"self":[{"href":"https:\/\/zonaroja.com.mx\/index.php?rest_route=\/wp\/v2\/posts\/43219","targetHints":{"allow":["GET"]}}],"collection":[{"href":"https:\/\/zonaroja.com.mx\/index.php?rest_route=\/wp\/v2\/posts"}],"about":[{"href":"https:\/\/zonaroja.com.mx\/index.php?rest_route=\/wp\/v2\/types\/post"}],"author":[{"embeddable":true,"href":"https:\/\/zonaroja.com.mx\/index.php?rest_route=\/wp\/v2\/users\/2"}],"replies":[{"embeddable":true,"href":"https:\/\/zonaroja.com.mx\/index.php?rest_route=%2Fwp%2Fv2%2Fcomments&post=43219"}],"version-history":[{"count":1,"href":"https:\/\/zonaroja.com.mx\/index.php?rest_route=\/wp\/v2\/posts\/43219\/revisions"}],"predecessor-version":[{"id":43221,"href":"https:\/\/zonaroja.com.mx\/index.php?rest_route=\/wp\/v2\/posts\/43219\/revisions\/43221"}],"wp:featuredmedia":[{"embeddable":true,"href":"https:\/\/zonaroja.com.mx\/index.php?rest_route=\/wp\/v2\/media\/43220"}],"wp:attachment":[{"href":"https:\/\/zonaroja.com.mx\/index.php?rest_route=%2Fwp%2Fv2%2Fmedia&parent=43219"}],"wp:term":[{"taxonomy":"category","embeddable":true,"href":"https:\/\/zonaroja.com.mx\/index.php?rest_route=%2Fwp%2Fv2%2Fcategories&post=43219"},{"taxonomy":"post_tag","embeddable":true,"href":"https:\/\/zonaroja.com.mx\/index.php?rest_route=%2Fwp%2Fv2%2Ftags&post=43219"}],"curies":[{"name":"wp","href":"https:\/\/api.w.org\/{rel}","templated":true}]}}