{"id":43222,"date":"2022-07-06T22:27:40","date_gmt":"2022-07-07T03:27:40","guid":{"rendered":"http:\/\/www.zonaroja.com.mx\/?p=43222"},"modified":"2022-07-06T22:27:43","modified_gmt":"2022-07-07T03:27:43","slug":"cronica-sesion-cameral-entre-abrazos-tardanzas-risas-y-jaloneos","status":"publish","type":"post","link":"https:\/\/zonaroja.com.mx\/?p=43222","title":{"rendered":"Cr\u00f3nica. Sesi\u00f3n cameral: entre abrazos, tardanzas, risas\u2026 y jaloneos"},"content":{"rendered":"\n<p>Ismael Garc\u00eda M.\/Zona Roja.<\/p>\n\n\n\n<p>San Raymundo Jalpan, Oax., 6 de julio de 2022.- Aunque lleg\u00f3 casi hora y media tarde, entr\u00f3 con aires de triunfo. Como un regreso sin gloria, pero efusivo.<\/p>\n\n\n\n<p>Y lo primero que hizo Alejandro Avil\u00e9s fue acudir a cada una de las curules, comenzando con los morenistas, otrora rivales pol\u00edticos, para saludarlos.&nbsp;<\/p>\n\n\n\n<p>Contraste, el de la ex candidata panista Natividad D\u00edaz Jim\u00e9nez, que lleg\u00f3 como desconocida, se sent\u00f3 y pr\u00e1cticamente no salud\u00f3 a nadie. Tampoco la saludaron.<\/p>\n\n\n\n<p>Jornada de contraste en la primera sesi\u00f3n ordinaria del segundo periodo de sesiones del primer a\u00f1o. Jaloneos, gritos y la revelaci\u00f3n de un \u201cporro\u201d legislativo: Alfonso Silva Romo, que por todos los medios impidi\u00f3 que Mariana Ben\u00edtez hablara.<\/p>\n\n\n\n<p>\u201cFLOJERITIS\u201d<\/p>\n\n\n\n<p>A las 11:00, pr\u00e1cticamente vac\u00edo el sal\u00f3n de sesiones del Congreso del Estado. Una hora despu\u00e9s, apenas se asomaban algunas, caras principalmente mujeres morenistas, que optaron por pasar el tiempo posando para la foto.<\/p>\n\n\n\n<p>M\u00e1s de dos meses de vacaciones, no bastaron para quitar el letargo y la abulia de los 41 legisladores, ante la ausencia del priista Gustavo D\u00edaz S\u00e1nchez, del que nadie quiere hablar.<\/p>\n\n\n\n<p>La que debiera poner el ejemplo, Mariana Ben\u00edtez, por ser la presidenta de la Mesa Directiva, lleg\u00f3 a las 12:14 horas. Salud\u00f3 a pocos y se subi\u00f3 a su nube. Casi diez minutos despu\u00e9s lleg\u00f3 el ex candidato a gobernador por el PRI y el PRD.&nbsp;<\/p>\n\n\n\n<p>Ese s\u00ed, de inmediato se dirigi\u00f3 a los morenistas y curul por curul, salud\u00f3 a todos, de apret\u00f3n de manos y de abrazo. Las fotos no faltaron. Sigui\u00f3 al \u00e1rea de los priistas, donde hab\u00eda escasos.&nbsp;<\/p>\n\n\n\n<p>Subi\u00f3 a la mesa del estrado, de nuevo besos, fotos, abrazos, para bajar a su curul, previa entrevista colectiva.<\/p>\n\n\n\n<p>Laura Estrada Mauro, totalmente desapercibida, angustiada, por lo que le esperaba en la sesi\u00f3n. La soberbia y la altaner\u00eda se fueron de tajo, por un rato.<\/p>\n\n\n\n<figure class=\"wp-block-embed is-type-rich is-provider-twitter wp-block-embed-twitter\"><div class=\"wp-block-embed__wrapper\">\n<div class=\"twitter-tweet\"><blockquote class=\"twitter-tweet\" data-lang=\"es\"><p lang=\"es\" dir=\"ltr\"><a href=\"https:\/\/twitter.com\/hashtag\/%C3%9AltimoMinuto?src=hash&amp;ref_src=twsrc%5Etfw\">#\u00daltimoMinuto<\/a><br>Se divide Morena en el <a href=\"https:\/\/twitter.com\/CongresoOaxaca_?ref_src=twsrc%5Etfw\">@CongresoOaxaca_<\/a>.<br>La presidenta de la Mesa Directiva, <a href=\"https:\/\/twitter.com\/marianabenitezt?ref_src=twsrc%5Etfw\">@marianabenitezt<\/a>, lee oficio de cinco diputados que buscan independizarse y crear fracci\u00f3n de la Cuarta Transformaci\u00f3n. <br>Pese a oposici\u00f3n de Luis Alfonso Silva, el documento fue le\u00eddo. <a href=\"https:\/\/t.co\/EJSLKohoAt\">pic.twitter.com\/EJSLKohoAt<\/a><\/p>&mdash; Zona Roja Oaxaca (@ZonaRoja_Oaxaca) <a href=\"https:\/\/twitter.com\/ZonaRoja_Oaxaca\/status\/1544746967582101505?ref_src=twsrc%5Etfw\">6 de julio de 2022<\/a><\/blockquote><\/div>\n<\/div><\/figure>\n\n\n\n<p>EL JALONEO<\/p>\n\n\n\n<p>Por fin, a las 12:36, Mariana Ben\u00edtez se anim\u00f3 a iniciar la primera sesi\u00f3n ordinaria del segundo periodo del a\u00f1o, con apenas 32 legisladores, que poco a poco se retiraron.&nbsp;<\/p>\n\n\n\n<p>Pero no bien avanzaba cuando empezaron los jaloneos: la presidenta de la Mesa Directiva inici\u00f3 con la lectura de un oficio enviado por cinco morenistas para formar su propia fracci\u00f3n.<\/p>\n\n\n\n<p>De inmediato vino la interpelaci\u00f3n de Silva Romo, que se estren\u00f3 como integrante del nuevo \u201cBronx\u201d en que ser\u00e1n los morenistas a partir de ahora.<\/p>\n\n\n\n<p>\u2014Le quiero pedir que nos apeguemos al orden del d\u00eda que acabamos de aprobar, no hay ning\u00fan oficio, as\u00ed que no puede cambiar el orden.<\/p>\n\n\n\n<p>\u2014Es que ni siquiera me permite hablar diputado. No vamos a cambiar el orden del d\u00eda, lo que se va a hacer \u00fanicamente, y estoy obligada, porque est\u00e1 en mis facultades en el reglamento, es dar cuenta de un oficio llegado a mi oficina\u2026<\/p>\n\n\n\n<p>Los dimes y diretes siguieron por m\u00e1s de cinco minutos, lapso en que Mariana Ben\u00edtez ley\u00f3 por partes el oficio del cisma morenista.<\/p>\n\n\n\n<p>\u2014Diputada, est\u00e1 usted sometiendo al pleno algo que no est\u00e1\u2026<\/p>\n\n\n\n<p>\u2014No, no voy a someter al pleno\u2026<\/p>\n\n\n\n<p>La presidenta de la Junta de Coordinaci\u00f3n Pol\u00edtica, y principal afectada, callada, mordi\u00e9ndose las u\u00f1as. Sin decir nada, ni a favor ni en contra.<\/p>\n\n\n\n<p>Las porras de los priistas, entre ellos de Avil\u00e9s y de Fredy Gil, vinieron de inmediato. Tambi\u00e9n la queja de C\u00e9sar Mateos, uno de los impulsores de la nueva fracci\u00f3n, llamada de la Cuarta Transformaci\u00f3n.&nbsp;<\/p>\n\n\n\n<p>Silencio, b\u00fasqueda de leyes, desorden, y finalmente sigui\u00f3 la sesi\u00f3n, entre dudas si se hab\u00eda le\u00eddo o no el oficio.<\/p>\n\n\n\n<p>El siguiente punto, la lectura y expedici\u00f3n del Bando Solemne que declara a Salom\u00f3n Jara como gobernador electo, baj\u00f3 los \u00e1nimos. Pero tambi\u00e9n la discusi\u00f3n parlamentaria.<\/p>\n\n\n\n<p>Tras la entrega de la medalla \u201cAlvaro Carrillo\u201d, \u00fanico punto en que subi\u00f3 al presidium Laura Estrada, al igual que la panista Natividad D\u00edaz, s\u00f3lo para la foto, poco a poco se fueron dispersando los legisladores.<\/p>\n\n\n\n<p>A las 13:15, Samuel Gurri\u00f3n abandon\u00f3 el recinto, so pretexto de promover una expo feria a favor de un menor con c\u00e1ncer; le siguieron otros.<\/p>\n\n\n\n<p>Mientras segu\u00eda la lectura de los alrededor de 40  puntos, poco a poco el sal\u00f3n se fue quedando vac\u00edo. Avil\u00e9s se fue, en silencio, contrario a como lleg\u00f3. Laura Estrada tambi\u00e9n abandon\u00f3 el recinto antes de concluir la sesi\u00f3n.<\/p>\n\n\n\n<p>Pero vino el remate y desquite de C\u00e9sar Mateos en Asuntos Generales, que dio lectura al oficio pol\u00e9mico:<\/p>\n\n\n\n<p>\u201cEso es lo que espanta a muchos. Hoy desde aqu\u00ed les digo, \u00a1no se\u00f1or! El parlamento es para construir\u201d. Y vinieron los aplausos, hasta de los pocos priistas que quedaban.<\/p>\n\n\n\n<figure class=\"wp-block-embed is-type-rich is-provider-twitter wp-block-embed-twitter\"><div class=\"wp-block-embed__wrapper\">\n<div class=\"twitter-tweet\"><blockquote class=\"twitter-tweet\" data-lang=\"es\"><p lang=\"es\" dir=\"ltr\"><a href=\"https:\/\/twitter.com\/hashtag\/%C3%9AltimoMinuto?src=hash&amp;ref_src=twsrc%5Etfw\">#\u00daltimoMinuto<\/a> <br>En tribuna del <a href=\"https:\/\/twitter.com\/CongresoOaxaca_?ref_src=twsrc%5Etfw\">@CongresoOaxaca_<\/a>, confirma el diputado <a href=\"https:\/\/twitter.com\/cesarmateos_oax?ref_src=twsrc%5Etfw\">@cesarmateos_oax<\/a> la conformaci\u00f3n de la fracci\u00f3n parlamentaria de la Cuarta Transformaci\u00f3n, con cinco legisladores y que presidir\u00e1 <a href=\"https:\/\/twitter.com\/HoracioSosaOax?ref_src=twsrc%5Etfw\">@HoracioSosaOax<\/a>. <a href=\"https:\/\/t.co\/wCuVZCNZKb\">pic.twitter.com\/wCuVZCNZKb<\/a><\/p>&mdash; Zona Roja Oaxaca (@ZonaRoja_Oaxaca) <a href=\"https:\/\/twitter.com\/ZonaRoja_Oaxaca\/status\/1544773179591245825?ref_src=twsrc%5Etfw\">6 de julio de 2022<\/a><\/blockquote><\/div>\n<\/div><\/figure>\n","protected":false},"excerpt":{"rendered":"<p>Ismael Garc\u00eda M.\/Zona Roja. San Raymundo Jalpan, Oax., 6 de julio de 2022.- Aunque lleg\u00f3&hellip;<\/p>\n","protected":false},"author":2,"featured_media":43223,"comment_status":"closed","ping_status":"open","sticky":false,"template":"","format":"standard","meta":{"_lmt_disableupdate":"","_lmt_disable":"","_jetpack_memberships_contains_paid_content":false,"footnotes":""},"categories":[109,47],"tags":[213],"class_list":["post-43222","post","type-post","status-publish","format-standard","has-post-thumbnail","hentry","category-minuto-a-minuto","category-zona-gris","tag-64-legislatura-de-oaxaca"],"jetpack_featured_media_url":"https:\/\/zonaroja.com.mx\/wp-content\/uploads\/2022\/07\/Sesion-Congreso-cronica-Aviles.jpg","jetpack_sharing_enabled":true,"_links":{"self":[{"href":"https:\/\/zonaroja.com.mx\/index.php?rest_route=\/wp\/v2\/posts\/43222","targetHints":{"allow":["GET"]}}],"collection":[{"href":"https:\/\/zonaroja.com.mx\/index.php?rest_route=\/wp\/v2\/posts"}],"about":[{"href":"https:\/\/zonaroja.com.mx\/index.php?rest_route=\/wp\/v2\/types\/post"}],"author":[{"embeddable":true,"href":"https:\/\/zonaroja.com.mx\/index.php?rest_route=\/wp\/v2\/users\/2"}],"replies":[{"embeddable":true,"href":"https:\/\/zonaroja.com.mx\/index.php?rest_route=%2Fwp%2Fv2%2Fcomments&post=43222"}],"version-history":[{"count":1,"href":"https:\/\/zonaroja.com.mx\/index.php?rest_route=\/wp\/v2\/posts\/43222\/revisions"}],"predecessor-version":[{"id":43224,"href":"https:\/\/zonaroja.com.mx\/index.php?rest_route=\/wp\/v2\/posts\/43222\/revisions\/43224"}],"wp:featuredmedia":[{"embeddable":true,"href":"https:\/\/zonaroja.com.mx\/index.php?rest_route=\/wp\/v2\/media\/43223"}],"wp:attachment":[{"href":"https:\/\/zonaroja.com.mx\/index.php?rest_route=%2Fwp%2Fv2%2Fmedia&parent=43222"}],"wp:term":[{"taxonomy":"category","embeddable":true,"href":"https:\/\/zonaroja.com.mx\/index.php?rest_route=%2Fwp%2Fv2%2Fcategories&post=43222"},{"taxonomy":"post_tag","embeddable":true,"href":"https:\/\/zonaroja.com.mx\/index.php?rest_route=%2Fwp%2Fv2%2Ftags&post=43222"}],"curies":[{"name":"wp","href":"https:\/\/api.w.org\/{rel}","templated":true}]}}