{"id":43225,"date":"2022-07-07T07:13:34","date_gmt":"2022-07-07T12:13:34","guid":{"rendered":"http:\/\/www.zonaroja.com.mx\/?p=43225"},"modified":"2022-07-07T07:13:36","modified_gmt":"2022-07-07T12:13:36","slug":"aumenta-a-cuatro-los-oaxaquenos-fallecidos-en-el-trailer-de-la-muerte","status":"publish","type":"post","link":"https:\/\/zonaroja.com.mx\/?p=43225","title":{"rendered":"Aumenta a cuatro los oaxaque\u00f1os fallecidos en el \u201ctr\u00e1iler de la muerte\u201d"},"content":{"rendered":"\n<p>Redacci\u00f3n\/Zona Roja.<\/p>\n\n\n\n<p>Oaxaca de Ju\u00e1rez, Oax., 7 de julio de 2022.- Suman cuatro oaxaque\u00f1os los que han perdido la vida en el \u201ctr\u00e1iler de la muerte\u201d, en San Antonio, Texas, Estados Unidos, confirm\u00f3 la Secretar\u00eda de Relaciones Exteriores de M\u00e9xico (SRE).<\/p>\n\n\n\n<p>Dos m\u00e1s permanecen convalecientes en un hospital de dicha ciudad norteamericana; asimismo, precis\u00f3 que son 26, y no 27, los mexicanos que murieron durante la tragedia ocurrida el pasado 27 de junio.<\/p>\n\n\n\n<p>De los oaxaque\u00f1os fallecidos, dos son originarios de San Miguel Huautla, regi\u00f3n de la Ca\u00f1ada, Marco Antonio Velasco y Javier Flores L\u00f3pez; uno de Santa Maria Tlahuitoltepec, regi\u00f3n Sierra Norte, Josu\u00e9 D\u00edaz Gallardo, y Mariano Santiago Hip\u00f3lito, de San Felipe Usila pero cuya familia radica en San Juan Bautista Tuxtepec.<\/p>\n\n\n\n<p>El Instituto Oaxaque\u00f1o de Atenci\u00f3n al Migrante (IOAM) reiter\u00f3 que se brindan los apoyos necesarios a los familiares tanto de los fallecidos como de los lesionados.<\/p>\n\n\n\n<p>OTRO ACCIDENTE<\/p>\n\n\n\n<p>Por otra parte, otra tragedia de migrantes se suscit\u00f3 la noche del martes en la carretera de Ocozocoautla, Chiapas, a Las Choapas, Veracruz, al volcar una camioneta, con saldo de 10 lesionados, dos de ellos menores de edad.<\/p>\n\n\n\n<p>Supuestamente volc\u00f3 debido al exceso de velocidad, porque hu\u00edan de una patrulla de la Guardia Nacional.<\/p>\n","protected":false},"excerpt":{"rendered":"<p>Redacci\u00f3n\/Zona Roja. Oaxaca de Ju\u00e1rez, Oax., 7 de julio de 2022.- Suman cuatro oaxaque\u00f1os los&hellip;<\/p>\n","protected":false},"author":2,"featured_media":42902,"comment_status":"closed","ping_status":"open","sticky":false,"template":"","format":"standard","meta":{"_lmt_disableupdate":"","_lmt_disable":"","_jetpack_memberships_contains_paid_content":false,"footnotes":""},"categories":[109,47],"tags":[3173],"class_list":["post-43225","post","type-post","status-publish","format-standard","has-post-thumbnail","hentry","category-minuto-a-minuto","category-zona-gris","tag-migrantes-texas-estados-unidos"],"jetpack_featured_media_url":"https:\/\/zonaroja.com.mx\/wp-content\/uploads\/2022\/06\/Trailer-migrantes-Texas-San-Antonio.jpeg","jetpack_sharing_enabled":true,"_links":{"self":[{"href":"https:\/\/zonaroja.com.mx\/index.php?rest_route=\/wp\/v2\/posts\/43225","targetHints":{"allow":["GET"]}}],"collection":[{"href":"https:\/\/zonaroja.com.mx\/index.php?rest_route=\/wp\/v2\/posts"}],"about":[{"href":"https:\/\/zonaroja.com.mx\/index.php?rest_route=\/wp\/v2\/types\/post"}],"author":[{"embeddable":true,"href":"https:\/\/zonaroja.com.mx\/index.php?rest_route=\/wp\/v2\/users\/2"}],"replies":[{"embeddable":true,"href":"https:\/\/zonaroja.com.mx\/index.php?rest_route=%2Fwp%2Fv2%2Fcomments&post=43225"}],"version-history":[{"count":1,"href":"https:\/\/zonaroja.com.mx\/index.php?rest_route=\/wp\/v2\/posts\/43225\/revisions"}],"predecessor-version":[{"id":43226,"href":"https:\/\/zonaroja.com.mx\/index.php?rest_route=\/wp\/v2\/posts\/43225\/revisions\/43226"}],"wp:featuredmedia":[{"embeddable":true,"href":"https:\/\/zonaroja.com.mx\/index.php?rest_route=\/wp\/v2\/media\/42902"}],"wp:attachment":[{"href":"https:\/\/zonaroja.com.mx\/index.php?rest_route=%2Fwp%2Fv2%2Fmedia&parent=43225"}],"wp:term":[{"taxonomy":"category","embeddable":true,"href":"https:\/\/zonaroja.com.mx\/index.php?rest_route=%2Fwp%2Fv2%2Fcategories&post=43225"},{"taxonomy":"post_tag","embeddable":true,"href":"https:\/\/zonaroja.com.mx\/index.php?rest_route=%2Fwp%2Fv2%2Ftags&post=43225"}],"curies":[{"name":"wp","href":"https:\/\/api.w.org\/{rel}","templated":true}]}}