{"id":43227,"date":"2022-07-07T09:13:00","date_gmt":"2022-07-07T14:13:00","guid":{"rendered":"http:\/\/www.zonaroja.com.mx\/?p=43227"},"modified":"2022-07-07T07:25:57","modified_gmt":"2022-07-07T12:25:57","slug":"alarma-a-la-oms-crecimiento-acelerado-de-casos-de-viruela-del-mono","status":"publish","type":"post","link":"https:\/\/zonaroja.com.mx\/?p=43227","title":{"rendered":"Alarma a la OMS crecimiento acelerado de casos de viruela del mono"},"content":{"rendered":"\n<p>Redacci\u00f3n\/Zona Roja Cdmx.<\/p>\n\n\n\n<p>Ciudad de M\u00e9xico 7 de julio de 2022.- La Organizaci\u00f3n Mundial de la Salud (OMS) convoc\u00f3 a una reuni\u00f3n de emergencia para discutir la situaci\u00f3n de la viruela del mono, enfermedad que se propaga lentamente por varios pa\u00edses del mundo.<\/p>\n\n\n\n<p>Hasta el momento la OMS tiene conformados m\u00e1s de seis mil casos de la enfermedad&nbsp;que provoca lesiones en la piel y tiene cierto margen de peligro a la vida de los pacientes contagiados.<\/p>\n\n\n\n<p>\u201cRespecto a la viruela del mono, sigo estando muy preocupado por la escala y la difusi\u00f3n del virus (del que ya se notificaron m\u00e1s de seis mil casos en 58 pa\u00edses)\u00bb, declar\u00f3 Tedros Adhanom Ghebreyesus a la prensa en Ginebra, Suiza.&nbsp;<\/p>\n\n\n\n<p>La reuni\u00f3n de la OMS ocurrir\u00e1 dentro de los pr\u00f3ximos d\u00edas y se espera lograr acuerdos para identificar m\u00e1s casos y un mecanismo para contener la enfermedad.<\/p>\n\n\n\n<p>En su anterior reuni\u00f3n, celebrada el 27 de junio, el comit\u00e9 decidi\u00f3 que el brote, en el que han aumentado los casos tanto en los pa\u00edses africanos en los que suele propagarse como a nivel mundial, no constitu\u00eda a\u00fan una emergencia sanitaria.<\/p>\n\n\n\n<p>\u201cMe sigue preocupando la magnitud y la propagaci\u00f3n del virus en todo el mundo\u00bb, dijo Tedros, y a\u00f1adi\u00f3 que la falta de pruebas significaba que probablemente hab\u00eda muchos m\u00e1s casos sin notificar.<\/p>\n\n\n\n<p>Alrededor del 80% de los casos se dan en Europa, se\u00f1al\u00f3.<\/p>\n\n\n\n<p>La viruela del mono, una infecci\u00f3n v\u00edrica normalmente leve que provoca s\u00edntomas parecidos a los de la gripe y lesiones en la piel, se est\u00e1 extendiendo por todo el mundo desde principios de mayo.<\/p>\n\n\n\n<p>La tasa de mortalidad en brotes anteriores de la cepa que se est\u00e1 propagando actualmente ha sido de alrededor del 1%.<\/p>\n\n\n\n<p>(Informaci\u00f3n de agencias en \u201cExc\u00e9lsior\u201d)<\/p>\n","protected":false},"excerpt":{"rendered":"<p>Redacci\u00f3n\/Zona Roja Cdmx. Ciudad de M\u00e9xico 7 de julio de 2022.- La Organizaci\u00f3n Mundial de&hellip;<\/p>\n","protected":false},"author":2,"featured_media":41722,"comment_status":"closed","ping_status":"open","sticky":false,"template":"","format":"standard","meta":{"_lmt_disableupdate":"","_lmt_disable":"","_jetpack_memberships_contains_paid_content":false,"footnotes":""},"categories":[109,46],"tags":[3161],"class_list":["post-43227","post","type-post","status-publish","format-standard","has-post-thumbnail","hentry","category-minuto-a-minuto","category-zona-blanca","tag-viruela-del-mono"],"jetpack_featured_media_url":"https:\/\/zonaroja.com.mx\/wp-content\/uploads\/2022\/05\/img_4256.jpg","jetpack_sharing_enabled":true,"_links":{"self":[{"href":"https:\/\/zonaroja.com.mx\/index.php?rest_route=\/wp\/v2\/posts\/43227","targetHints":{"allow":["GET"]}}],"collection":[{"href":"https:\/\/zonaroja.com.mx\/index.php?rest_route=\/wp\/v2\/posts"}],"about":[{"href":"https:\/\/zonaroja.com.mx\/index.php?rest_route=\/wp\/v2\/types\/post"}],"author":[{"embeddable":true,"href":"https:\/\/zonaroja.com.mx\/index.php?rest_route=\/wp\/v2\/users\/2"}],"replies":[{"embeddable":true,"href":"https:\/\/zonaroja.com.mx\/index.php?rest_route=%2Fwp%2Fv2%2Fcomments&post=43227"}],"version-history":[{"count":1,"href":"https:\/\/zonaroja.com.mx\/index.php?rest_route=\/wp\/v2\/posts\/43227\/revisions"}],"predecessor-version":[{"id":43228,"href":"https:\/\/zonaroja.com.mx\/index.php?rest_route=\/wp\/v2\/posts\/43227\/revisions\/43228"}],"wp:featuredmedia":[{"embeddable":true,"href":"https:\/\/zonaroja.com.mx\/index.php?rest_route=\/wp\/v2\/media\/41722"}],"wp:attachment":[{"href":"https:\/\/zonaroja.com.mx\/index.php?rest_route=%2Fwp%2Fv2%2Fmedia&parent=43227"}],"wp:term":[{"taxonomy":"category","embeddable":true,"href":"https:\/\/zonaroja.com.mx\/index.php?rest_route=%2Fwp%2Fv2%2Fcategories&post=43227"},{"taxonomy":"post_tag","embeddable":true,"href":"https:\/\/zonaroja.com.mx\/index.php?rest_route=%2Fwp%2Fv2%2Ftags&post=43227"}],"curies":[{"name":"wp","href":"https:\/\/api.w.org\/{rel}","templated":true}]}}