{"id":43234,"date":"2022-07-07T10:57:00","date_gmt":"2022-07-07T15:57:00","guid":{"rendered":"http:\/\/www.zonaroja.com.mx\/?p=43234"},"modified":"2022-07-07T08:15:18","modified_gmt":"2022-07-07T13:15:18","slug":"al-menos-15-ex-gobernadores-piden-renuncia-de-alejandro-moreno-al-pri","status":"publish","type":"post","link":"https:\/\/zonaroja.com.mx\/?p=43234","title":{"rendered":"Al menos 15 ex gobernadores piden renuncia de Alejandro Moreno al PRI"},"content":{"rendered":"\n<p>Redacci\u00f3n\/Zona Roja Cdmx.<\/p>\n\n\n\n<p>Ciudad de M\u00e9xico, 7 de julio de 2022.- A trav\u00e9s de un desplegado, al menos 15 ex gobernadores emanados de Partido Revolucionario Institucional (PRI), demandaron la renuncia de Alejandro Moreno C\u00e1rdenas a la presidencia del instituto pol\u00edtico.<\/p>\n\n\n\n<p>Algunos de los firmantes son Enrique Mart\u00ednez, Jos\u00e9 Natividad Gonz\u00e1lez, Rogelio Montemayor, Fernando Baeza, Armando L\u00f3pez Nogales y Samuel Oca\u00f1a.<\/p>\n\n\n\n<p>\u201cPor el bien del partido, es tiempo de considerar una pronta renovaci\u00f3n de la dirigencia actual, de convocar a una revisi\u00f3n a fondo de los documentos b\u00e1sicos, de contar con una nueva narrativa de proyecto alterno de pa\u00eds.&nbsp;<\/p>\n\n\n\n<p>\u201cA\u00fan es tiempo de reposicionarnos para participar con activos suficientes, en alianza o coalici\u00f3n con otras fuerzas pol\u00edticas, en la b\u00fasquedas de triunfos electorales y en la defensa de proyecto de naci\u00f3n que deseamos\u201d, detallan.<\/p>\n\n\n\n<p>En tanto, Moreno C\u00e1rdenas inici\u00f3 ayer su presunta gira de denuncia internacional, desde Ginebra, Suiza, y expuso que particip\u00f3 en la reuni\u00f3n de la Internacional Socialista (IS), celebrada en esa ciudad.<\/p>\n\n\n\n<p>Ello para denunciar la persecuci\u00f3n que, asegura, ha orquestado el gobierno federal en su contra.&nbsp;<\/p>\n\n\n\n<p>Informa que tambi\u00e9n se reunir\u00e1 con la alta comisionada de Derechos Humanos de la Organizaci\u00f3n de Naciones Unidas, Michelle Bachelet, para despu\u00e9s retornar al pa\u00eds.<\/p>\n","protected":false},"excerpt":{"rendered":"<p>Redacci\u00f3n\/Zona Roja Cdmx. Ciudad de M\u00e9xico, 7 de julio de 2022.- A trav\u00e9s de un&hellip;<\/p>\n","protected":false},"author":2,"featured_media":41350,"comment_status":"closed","ping_status":"open","sticky":false,"template":"","format":"standard","meta":{"_lmt_disableupdate":"","_lmt_disable":"","_jetpack_memberships_contains_paid_content":false,"footnotes":""},"categories":[109,47],"tags":[314],"class_list":["post-43234","post","type-post","status-publish","format-standard","has-post-thumbnail","hentry","category-minuto-a-minuto","category-zona-gris","tag-alejandro-moreno-cardenas"],"jetpack_featured_media_url":"https:\/\/zonaroja.com.mx\/wp-content\/uploads\/2022\/05\/Alejandro-Moreno-Cardenas.jpeg","jetpack_sharing_enabled":true,"_links":{"self":[{"href":"https:\/\/zonaroja.com.mx\/index.php?rest_route=\/wp\/v2\/posts\/43234","targetHints":{"allow":["GET"]}}],"collection":[{"href":"https:\/\/zonaroja.com.mx\/index.php?rest_route=\/wp\/v2\/posts"}],"about":[{"href":"https:\/\/zonaroja.com.mx\/index.php?rest_route=\/wp\/v2\/types\/post"}],"author":[{"embeddable":true,"href":"https:\/\/zonaroja.com.mx\/index.php?rest_route=\/wp\/v2\/users\/2"}],"replies":[{"embeddable":true,"href":"https:\/\/zonaroja.com.mx\/index.php?rest_route=%2Fwp%2Fv2%2Fcomments&post=43234"}],"version-history":[{"count":1,"href":"https:\/\/zonaroja.com.mx\/index.php?rest_route=\/wp\/v2\/posts\/43234\/revisions"}],"predecessor-version":[{"id":43235,"href":"https:\/\/zonaroja.com.mx\/index.php?rest_route=\/wp\/v2\/posts\/43234\/revisions\/43235"}],"wp:featuredmedia":[{"embeddable":true,"href":"https:\/\/zonaroja.com.mx\/index.php?rest_route=\/wp\/v2\/media\/41350"}],"wp:attachment":[{"href":"https:\/\/zonaroja.com.mx\/index.php?rest_route=%2Fwp%2Fv2%2Fmedia&parent=43234"}],"wp:term":[{"taxonomy":"category","embeddable":true,"href":"https:\/\/zonaroja.com.mx\/index.php?rest_route=%2Fwp%2Fv2%2Fcategories&post=43234"},{"taxonomy":"post_tag","embeddable":true,"href":"https:\/\/zonaroja.com.mx\/index.php?rest_route=%2Fwp%2Fv2%2Ftags&post=43234"}],"curies":[{"name":"wp","href":"https:\/\/api.w.org\/{rel}","templated":true}]}}