{"id":43237,"date":"2022-07-07T13:51:08","date_gmt":"2022-07-07T18:51:08","guid":{"rendered":"https:\/\/www.zonaroja.com.mx\/?p=43237"},"modified":"2022-07-07T13:59:35","modified_gmt":"2022-07-07T18:59:35","slug":"denuncian-violencia-digital-contra-joven-feminista-en-oaxaca","status":"publish","type":"post","link":"https:\/\/zonaroja.com.mx\/?p=43237","title":{"rendered":"Denuncian violencia digital contra joven feminista en Oaxaca"},"content":{"rendered":"\n<p>Yuridiana Sosa\/Zona Roja.&nbsp;<\/p>\n\n\n\n<p>Oaxaca de Ju\u00e1rez, Oax., 7 de julio de 2022.- La activista feminista, integrante de la Red de Mujeres para una vida libre de Violencia, Tanairi del Roc\u00edo Cort\u00e9s Loyola, es v\u00edctima de la usurpaci\u00f3n de identidad en redes sociales para ofrecer servicios sexuales, lo que vulnera sus derechos e integridad.<\/p>\n\n\n\n<p>La defensora de las mujeres, prima de la joven oaxaque\u00f1a desaparecida Zayra Morales Loyola, denunci\u00f3 esta agresi\u00f3n y se\u00f1al\u00f3:<\/p>\n\n\n\n<p>\u201cMe queda claro que esta acci\u00f3n violenta en mi contra no es aislada, s\u00e9 que la intenci\u00f3n es perjudicarme y es que en nuestro estado Oaxaca cuando las mujeres logramos incidir y transitar por espacios hist\u00f3ricamente negados, buscan las formas para desestabilizar\u201d.<\/p>\n\n\n\n<p>Por lo hechos, Cort\u00e9s Loyola interpuso ante la Fiscal\u00eda Especializada para la Atenci\u00f3n a Delitos Contra la Mujer por Raz\u00f3n de G\u00e9nero una denuncia contra quien o quienes resulten responsables por el delito de usurpaci\u00f3n de identidad.<\/p>\n\n\n\n<p>Tanairi Cort\u00e9s explic\u00f3 que&nbsp;este mi\u00e9rcoles&nbsp;se percat\u00f3 de la creaci\u00f3n de un perfil falso en la red social Instagram, el cual contaba con su nombre completo mal escrito y fotos suyas que fueron extra\u00eddas de su cuenta oficial de esa misma red.&nbsp;<\/p>\n\n\n\n<p>Con dicho material se ofrec\u00edan servicios sexuales, violentando con ello su intimidad y afectando su integridad f\u00edsica y emocional.<\/p>\n\n\n\n<p>Esta violencia gener\u00f3 en Cort\u00e9s Loyola, seg\u00fan relata, temor por su vida, por lo que solicit\u00f3 a la Fiscal\u00eda le proporcionen medidas de seguridad debido a que qued\u00f3 expuesta y vulnerable.<\/p>\n\n\n\n<p>\u201cQuiero mencionar que temo por mi vida, no es posible que las mujeres tengamos que seguir viviendo toda esta violencia\u2026 decid\u00ed denunciar porque no es posible que esto vuelva a ocurrir a ninguna de mis hermanas, hermanas de luchas, compa\u00f1eras, mujeres todas, ni una m\u00e1s\u201d, sentenci\u00f3 por medio de su cuenta en Facebook.&nbsp;<\/p>\n\n\n\n<p>La Red de Mujeres para una vida libre de Violencia (Remuvi) conden\u00f3 este acto contra la defensora y activista, por quien pidi\u00f3 justicia.<\/p>\n\n\n\n<p>Agreg\u00f3 que como organizaci\u00f3n no permitir\u00e1n m\u00e1s impunidad ni omisi\u00f3n ante los casos de violencia contra la mujer en el estado.<\/p>\n\n\n\n<p>En ese sentido, realizaron un llamado en\u00e9rgico a la Fiscal\u00eda General del Estado de Oaxaca para que realice las investigaciones inmediatas correspondientes.<\/p>\n","protected":false},"excerpt":{"rendered":"<p>Yuridiana Sosa\/Zona Roja.&nbsp; Oaxaca de Ju\u00e1rez, Oax., 7 de julio de 2022.- La activista feminista,&hellip;<\/p>\n","protected":false},"author":2,"featured_media":43236,"comment_status":"closed","ping_status":"open","sticky":false,"template":"","format":"standard","meta":{"_lmt_disableupdate":"","_lmt_disable":"","_jetpack_memberships_contains_paid_content":false,"footnotes":""},"categories":[109,47],"tags":[],"class_list":["post-43237","post","type-post","status-publish","format-standard","has-post-thumbnail","hentry","category-minuto-a-minuto","category-zona-gris"],"jetpack_featured_media_url":"https:\/\/zonaroja.com.mx\/wp-content\/uploads\/2022\/07\/img_8165.jpg","jetpack_sharing_enabled":true,"_links":{"self":[{"href":"https:\/\/zonaroja.com.mx\/index.php?rest_route=\/wp\/v2\/posts\/43237","targetHints":{"allow":["GET"]}}],"collection":[{"href":"https:\/\/zonaroja.com.mx\/index.php?rest_route=\/wp\/v2\/posts"}],"about":[{"href":"https:\/\/zonaroja.com.mx\/index.php?rest_route=\/wp\/v2\/types\/post"}],"author":[{"embeddable":true,"href":"https:\/\/zonaroja.com.mx\/index.php?rest_route=\/wp\/v2\/users\/2"}],"replies":[{"embeddable":true,"href":"https:\/\/zonaroja.com.mx\/index.php?rest_route=%2Fwp%2Fv2%2Fcomments&post=43237"}],"version-history":[{"count":1,"href":"https:\/\/zonaroja.com.mx\/index.php?rest_route=\/wp\/v2\/posts\/43237\/revisions"}],"predecessor-version":[{"id":43238,"href":"https:\/\/zonaroja.com.mx\/index.php?rest_route=\/wp\/v2\/posts\/43237\/revisions\/43238"}],"wp:featuredmedia":[{"embeddable":true,"href":"https:\/\/zonaroja.com.mx\/index.php?rest_route=\/wp\/v2\/media\/43236"}],"wp:attachment":[{"href":"https:\/\/zonaroja.com.mx\/index.php?rest_route=%2Fwp%2Fv2%2Fmedia&parent=43237"}],"wp:term":[{"taxonomy":"category","embeddable":true,"href":"https:\/\/zonaroja.com.mx\/index.php?rest_route=%2Fwp%2Fv2%2Fcategories&post=43237"},{"taxonomy":"post_tag","embeddable":true,"href":"https:\/\/zonaroja.com.mx\/index.php?rest_route=%2Fwp%2Fv2%2Ftags&post=43237"}],"curies":[{"name":"wp","href":"https:\/\/api.w.org\/{rel}","templated":true}]}}