{"id":43268,"date":"2022-07-08T10:20:00","date_gmt":"2022-07-08T15:20:00","guid":{"rendered":"http:\/\/www.zonaroja.com.mx\/?p=43268"},"modified":"2022-07-08T07:26:31","modified_gmt":"2022-07-08T12:26:31","slug":"presidenta-del-congreso-se-convirtio-en-una-dictadora-acusan-diputados","status":"publish","type":"post","link":"https:\/\/zonaroja.com.mx\/?p=43268","title":{"rendered":"Presidenta del Congreso \u201cse convirti\u00f3 en una dictadora\u201d, acusan diputados"},"content":{"rendered":"\n<p>Redacci\u00f3n\/Zona Roja.<\/p>\n\n\n\n<p>Oaxaca de Ju\u00e1rez, Oax., 8 de Julio del 2022.- El Grupo Parlamentario de la Cuarta Transformaci\u00f3n en el Congreso del Estado de Oaxaca acus\u00f3 a la presidenta de la Junta de Coordinaci\u00f3n Pol\u00edtica (Jucopo), Laura Estrada Mauro, de intervenir de manera ilegal y d\u00e9spota para intentar frenar la existencia de esa nueva fracci\u00f3n, integrada por cinco diputadas y diputados disidentes.<\/p>\n\n\n\n<p>\u201cLaura se convirti\u00f3 en una dictadora, no acepta la pluralidad, no acepta la diferencia de opiniones, busca imponerse por la fuerza y no le interesa el di\u00e1logo\u201d, extern\u00f3 el diputado Horacio Sosa Villavicencio, coordinador de la nueva fracci\u00f3n, en la sesi\u00f3n en la que se esperaba formalizar la existencia de esta bancada.<\/p>\n\n\n\n<p>Al inicio de la sesi\u00f3n, el Grupo Parlamentario de Morena intent\u00f3 impedir que la Mesa Directiva del Congreso del Estado declarara la constituci\u00f3n del nuevo Grupo Parlamentario, integrado por cinco diputadas y diputados disidentes de la fracci\u00f3n de Morena, que encabeza la diputada Laura Estrada Mauro.<\/p>\n\n\n\n<p>El diputado Luis Alfonso Silva Romo, vicecoordinador del Grupo Parlamentario de Morena, interrumpi\u00f3 de manera reiterada a la presidenta de la Mesa Directiva, Mariana Ben\u00edtez Tiburcio, cuando \u00e9sta intentaba dar cuenta al pleno de la comunicaci\u00f3n de las y los diputados disidentes.<\/p>\n\n\n\n<p>Bajo el pretexto de que no estaba en el orden del d\u00eda, cuando por reglamento hay un espacio dedicado a las comunicaciones, Silva Romo levant\u00f3 la voz encima de la de la diputada presidenta, impidiendo que se le escuchara, hasta que pas\u00f3 al siguiente punto.<\/p>\n\n\n\n<p>\u201cLo que hizo Silva Romo es ilegal, fue una t\u00e1ctica de Laura para intentar impedir la existencia de nuestro Grupo Parlamentario\u201d, expres\u00f3 Sosa Villavicencio; \u201ces una muestra m\u00e1s de por qu\u00e9 no podemos coordinarnos con Laura, y por qu\u00e9 decidimos crear un nuevo grupo parlamentario\u201d, dijo.<\/p>\n\n\n\n<p>Agreg\u00f3 que, de acuerdo con la ley, \u201cLos Grupos Parlamentarios se tendr\u00e1n por constituidos cuando presenten por escrito a la presidencia de la Mesa Directiva, el acta en la que conste la decisi\u00f3n de sus miembros de constituirse como tal, con especificaci\u00f3n del nombre del mismo, lista de los integrantes y el nombre del coordinador que haya sido electo\u201d.<\/p>\n\n\n\n<p>\u201cEsto sucedi\u00f3 el 13 de abril\u201d, explic\u00f3 el diputado, de manera que la nueva fracci\u00f3n ya se tiene por constituida, aunque falta la formalizaci\u00f3n, que se da cuando la presidencia de la Mesa Directiva hace al pleno la declaraci\u00f3n de la constituci\u00f3n del nuevo grupo parlamentario.<\/p>\n\n\n\n<p>El Grupo Parlamentario de la Cuarta Transformaci\u00f3n est\u00e1 integrado por Melina Hern\u00e1ndez Sosa, Concepci\u00f3n Rueda G\u00f3mez, Sesul Bola\u00f1os L\u00f3pez, C\u00e9sar David Mateos Ben\u00edtez y Horacio Sosa Villavicencio, y busca impulsar los postulados del Movimiento Regeneraci\u00f3n Nacional y el apoyo al Presidente Andr\u00e9s Manuel L\u00f3pez Obrador.<\/p>\n\n\n\n<p>Con cinco integrantes, el Grupo Parlamentario de la Cuarta Transformaci\u00f3n se convertir\u00eda en la tercera fuerza pol\u00edtica al interior del Congreso del Estado, despu\u00e9s de Morena, que quedar\u00eda con 18 diputadas y diputados, y el PRI, con siete.<\/p>\n","protected":false},"excerpt":{"rendered":"<p>Redacci\u00f3n\/Zona Roja. Oaxaca de Ju\u00e1rez, Oax., 8 de Julio del 2022.- El Grupo Parlamentario de&hellip;<\/p>\n","protected":false},"author":2,"featured_media":43269,"comment_status":"closed","ping_status":"open","sticky":false,"template":"","format":"standard","meta":{"_lmt_disableupdate":"","_lmt_disable":"","_jetpack_memberships_contains_paid_content":false,"footnotes":""},"categories":[109,46],"tags":[444],"class_list":["post-43268","post","type-post","status-publish","format-standard","has-post-thumbnail","hentry","category-minuto-a-minuto","category-zona-blanca","tag-horacio-sosa-villavicencio"],"jetpack_featured_media_url":"https:\/\/zonaroja.com.mx\/wp-content\/uploads\/2022\/07\/Diputados-cuarta-transformacion-Congreso-Oaxaca.jpg","jetpack_sharing_enabled":true,"_links":{"self":[{"href":"https:\/\/zonaroja.com.mx\/index.php?rest_route=\/wp\/v2\/posts\/43268","targetHints":{"allow":["GET"]}}],"collection":[{"href":"https:\/\/zonaroja.com.mx\/index.php?rest_route=\/wp\/v2\/posts"}],"about":[{"href":"https:\/\/zonaroja.com.mx\/index.php?rest_route=\/wp\/v2\/types\/post"}],"author":[{"embeddable":true,"href":"https:\/\/zonaroja.com.mx\/index.php?rest_route=\/wp\/v2\/users\/2"}],"replies":[{"embeddable":true,"href":"https:\/\/zonaroja.com.mx\/index.php?rest_route=%2Fwp%2Fv2%2Fcomments&post=43268"}],"version-history":[{"count":1,"href":"https:\/\/zonaroja.com.mx\/index.php?rest_route=\/wp\/v2\/posts\/43268\/revisions"}],"predecessor-version":[{"id":43270,"href":"https:\/\/zonaroja.com.mx\/index.php?rest_route=\/wp\/v2\/posts\/43268\/revisions\/43270"}],"wp:featuredmedia":[{"embeddable":true,"href":"https:\/\/zonaroja.com.mx\/index.php?rest_route=\/wp\/v2\/media\/43269"}],"wp:attachment":[{"href":"https:\/\/zonaroja.com.mx\/index.php?rest_route=%2Fwp%2Fv2%2Fmedia&parent=43268"}],"wp:term":[{"taxonomy":"category","embeddable":true,"href":"https:\/\/zonaroja.com.mx\/index.php?rest_route=%2Fwp%2Fv2%2Fcategories&post=43268"},{"taxonomy":"post_tag","embeddable":true,"href":"https:\/\/zonaroja.com.mx\/index.php?rest_route=%2Fwp%2Fv2%2Ftags&post=43268"}],"curies":[{"name":"wp","href":"https:\/\/api.w.org\/{rel}","templated":true}]}}