{"id":43274,"date":"2022-07-08T08:08:03","date_gmt":"2022-07-08T13:08:03","guid":{"rendered":"http:\/\/www.zonaroja.com.mx\/?p=43274"},"modified":"2022-07-08T10:46:04","modified_gmt":"2022-07-08T15:46:04","slug":"atacan-a-balazos-a-dos-jovenes-en-pinotepa-nacional-muere-uno","status":"publish","type":"post","link":"https:\/\/zonaroja.com.mx\/?p=43274","title":{"rendered":"Atacan a balazos a dos j\u00f3venes en Pinotepa Nacional; muere uno"},"content":{"rendered":"\n<p>Redacci\u00f3n\/Zona Roja.<\/p>\n\n\n\n<p>Oaxaca de Ju\u00e1rez, Oax., 8 de julio de 2022.- Minutos antes de la media noche de ayer, dos j\u00f3venes fueron atacados a balazos en Santiago Pinotepa Nacional, municipio de la regi\u00f3n Costa de Oaxaca, uno de los cuales muri\u00f3 posteriormente.<\/p>\n\n\n\n<p>Fue en la calle 20 sur de la colonia Vicente Guerrero en que se suscitaron los hechos, por parte de sujetos armados que atacaron a los j\u00f3venes y que fueron trasladados al hospital \u201cDr. Pedro Espinoza Rueda\u201d por parte de param\u00e9dicos de la Cruz Roja Mexicana.<\/p>\n\n\n\n<p>Uno de ellos recibi\u00f3 al menos cinco disparos de arma de fuego en la espalda, de acuerdo con el sitio informativo CMM Noticias.<\/p>\n\n\n\n<p>Seg\u00fan los datos proporcionados hoy, el joven que perdi\u00f3 la vida fue identificado como Francisco Alfredo B. S.., de 27 a\u00f1os de edad, mientras que el lesionado responde al nombre de Rolando S. C., de 23 a\u00f1os de edad. <\/p>\n\n\n\n<p>Hsta el momento no hay ninguna pista de los agresores y en consecuencia no hay detenciones.<\/p>\n","protected":false},"excerpt":{"rendered":"<p>Redacci\u00f3n\/Zona Roja. Oaxaca de Ju\u00e1rez, Oax., 8 de julio de 2022.- Minutos antes de la&hellip;<\/p>\n","protected":false},"author":2,"featured_media":36041,"comment_status":"closed","ping_status":"open","sticky":false,"template":"","format":"standard","meta":{"_lmt_disableupdate":"","_lmt_disable":"","_jetpack_memberships_contains_paid_content":false,"footnotes":""},"categories":[109,51],"tags":[916],"class_list":["post-43274","post","type-post","status-publish","format-standard","has-post-thumbnail","hentry","category-minuto-a-minuto","category-zona-roja","tag-pinotepa-nacional"],"jetpack_featured_media_url":"https:\/\/zonaroja.com.mx\/wp-content\/uploads\/2022\/01\/Pinotepa-Nacional-Santiago.jpg","jetpack_sharing_enabled":true,"_links":{"self":[{"href":"https:\/\/zonaroja.com.mx\/index.php?rest_route=\/wp\/v2\/posts\/43274","targetHints":{"allow":["GET"]}}],"collection":[{"href":"https:\/\/zonaroja.com.mx\/index.php?rest_route=\/wp\/v2\/posts"}],"about":[{"href":"https:\/\/zonaroja.com.mx\/index.php?rest_route=\/wp\/v2\/types\/post"}],"author":[{"embeddable":true,"href":"https:\/\/zonaroja.com.mx\/index.php?rest_route=\/wp\/v2\/users\/2"}],"replies":[{"embeddable":true,"href":"https:\/\/zonaroja.com.mx\/index.php?rest_route=%2Fwp%2Fv2%2Fcomments&post=43274"}],"version-history":[{"count":2,"href":"https:\/\/zonaroja.com.mx\/index.php?rest_route=\/wp\/v2\/posts\/43274\/revisions"}],"predecessor-version":[{"id":43276,"href":"https:\/\/zonaroja.com.mx\/index.php?rest_route=\/wp\/v2\/posts\/43274\/revisions\/43276"}],"wp:featuredmedia":[{"embeddable":true,"href":"https:\/\/zonaroja.com.mx\/index.php?rest_route=\/wp\/v2\/media\/36041"}],"wp:attachment":[{"href":"https:\/\/zonaroja.com.mx\/index.php?rest_route=%2Fwp%2Fv2%2Fmedia&parent=43274"}],"wp:term":[{"taxonomy":"category","embeddable":true,"href":"https:\/\/zonaroja.com.mx\/index.php?rest_route=%2Fwp%2Fv2%2Fcategories&post=43274"},{"taxonomy":"post_tag","embeddable":true,"href":"https:\/\/zonaroja.com.mx\/index.php?rest_route=%2Fwp%2Fv2%2Ftags&post=43274"}],"curies":[{"name":"wp","href":"https:\/\/api.w.org\/{rel}","templated":true}]}}