{"id":43278,"date":"2022-07-08T13:22:04","date_gmt":"2022-07-08T18:22:04","guid":{"rendered":"https:\/\/www.zonaroja.com.mx\/?p=43278"},"modified":"2022-07-08T13:25:33","modified_gmt":"2022-07-08T18:25:33","slug":"excluyen-de-guelaguetza-2022-a-la-sierra-norte-tierra-de-salomon-jara","status":"publish","type":"post","link":"https:\/\/zonaroja.com.mx\/?p=43278","title":{"rendered":"Excluyen de Guelaguetza 2022 a la Sierra Norte, tierra de Salom\u00f3n Jara"},"content":{"rendered":"\n<p>Yuridiana Sosa\/Zona Roja.<\/p>\n\n\n\n<p>Oaxaca de Ju\u00e1rez, Oax., a 8 de julio de 2022.- Los sones y jarabes de la Sierra Norte fueron silenciados para los Lunes del Cerro de la Guelaguetza 2022.<\/p>\n\n\n\n<p>Eso implica la exclusi\u00f3n de San Melchor Betaza, una de las delegaciones m\u00e1s representativas de la regi\u00f3n y comunidad de origen del gobernador electo Salom\u00f3n Jara Cruz, de Morena.<\/p>\n\n\n\n<p>Para este a\u00f1o el gobernador Alejandro Murat prometi\u00f3 una de las mejores fiestas, para lo cual \u201ctirar\u00edan la casa por la ventana\u201d, pues es la despedida de su sexenio.<\/p>\n\n\n\n<p>Pero la Guelaguetza 2022 es amenazada por una quinta ola Covid-19 y ensombrecida por la exclusi\u00f3n que realiz\u00f3 el Comit\u00e9 de Autenticidad a la Sierra Norte; casi un acto in\u00e9dito para esta zona en los 90 a\u00f1os de esta fiesta.<\/p>\n\n\n\n<p>Por ello, el encuentro de los pueblos&nbsp;de las ocho&nbsp;regiones de Oaxaca para ofrecer su guelaguetza no ser\u00e1 posible sin esta zona; la denominada \u201cfiesta racial m\u00e1s grande de Am\u00e9rica\u201d queda incompleta este a\u00f1o.&nbsp;<\/p>\n\n\n\n<p>Falta la Sierra Norte, pero quiz\u00e1 no as\u00ed, la presencia del mandatario electo al espect\u00e1culo que este a\u00f1o se ba\u00f1a de aspiraciones pol\u00edticas.<\/p>\n\n\n\n<p>RECLAMO&nbsp;<\/p>\n\n\n\n<p>\u201cLamentable papel de esta \u00e9lite en el ocaso, que desconocen los mitos que nos han dado identidad y la historia que nos ha dado unidad y ha preservado nuestra cultura\u201d, sentenci\u00f3 el activista social de la regi\u00f3n, Efra\u00edn Solano Alinarez.<\/p>\n\n\n\n<p>La exclusi\u00f3n de la delegaci\u00f3n de San Melchor Betaza por parte del Comit\u00e9 de Autenticidad se bas\u00f3 en razones electorales, acus\u00f3 por medio de sus redes sociales.<\/p>\n\n\n\n<p>\u201cSus conceptos de qui\u00e9nes y qu\u00e9 somos los Pueblos Ind\u00edgenas son muy estrechos, pues en sus discriminatorios criterios sobresale la petici\u00f3n de la credencial del INE con domicilio en el municipio de quienes deseen participar en la fiesta de la Guelaguetza&#8230;la l\u00f3gica de estos censuradores es que si nos vamos a la Ciudad de M\u00e9xico nos volvemos chilangos o si ellos se van a Nueva York se vuelven g\u00fceros\u201d, lo cual limita a los hombres y mujeres originarias de la comunidad a ser parte de esta celebraci\u00f3n.<\/p>\n\n\n\n<p>Explic\u00f3 que el Comit\u00e9 desconoce que hay comunidades que no se encuentran asentadas en un solo territorio, pero que s\u00ed forman una unidad social como las de los migrantes establecidos en la ciudad de&nbsp;Oaxaca, en la Ciudad de M\u00e9xico, o en Estados Unidos, \u201cy que as\u00ed como regresan a ser mayordomos, regresan tambi\u00e9n a dar sus tequios, servicios y sus cooperaciones. O simplemente regresan a bailar\u201d.<\/p>\n\n\n\n<p>La m\u00e1s reciente exclusi\u00f3n de la Sierra Norte es para los pueblos de esta regi\u00f3n una evidencia de que la Guelaguetza fue convertida en un \u201cpatrimonio gubernamental\u201d, se\u00f1al\u00f3 Solano Alinarez.<\/p>\n\n\n\n<p>Por lo que sentenci\u00f3 que \u201cla Guelaguetza es evidente que ya no representa a los pueblos ind\u00edgenas. Es un mero espect\u00e1culo folklorizante que, por cierto, en este a\u00f1o se convertir\u00e1 en escenario para hacer politiquer\u00eda\u201d.<\/p>\n\n\n\n<p>PRESENTACI\u00d3N INDEPENDIENTE<\/p>\n\n\n\n<p>Lejos del escenario oficial, la delegaci\u00f3n de San Melchor Betaza se presentar\u00e1 con sus bailes serranos&nbsp;el 23 de julio&nbsp;en la ciudad de Oaxaca, un lunes previo al primer \u201cLunes del Cerro\u201d oficial.<\/p>\n\n\n\n<p>La delegaci\u00f3n compartir\u00e1 su cultura desde una quinta en esta ciudad, donde llegar\u00e1 la comunidad con sus comidas y bebidas tradicionales. <\/p>\n","protected":false},"excerpt":{"rendered":"<p>Yuridiana Sosa\/Zona Roja. Oaxaca de Ju\u00e1rez, Oax., a 8 de julio de 2022.- Los sones&hellip;<\/p>\n","protected":false},"author":2,"featured_media":43277,"comment_status":"closed","ping_status":"open","sticky":false,"template":"","format":"standard","meta":{"_lmt_disableupdate":"","_lmt_disable":"","_jetpack_memberships_contains_paid_content":false,"footnotes":""},"categories":[109,47],"tags":[2787],"class_list":["post-43278","post","type-post","status-publish","format-standard","has-post-thumbnail","hentry","category-minuto-a-minuto","category-zona-gris","tag-guelaguetza-oaxaca"],"jetpack_featured_media_url":"https:\/\/zonaroja.com.mx\/wp-content\/uploads\/2022\/07\/9afc8663-f2eb-43c9-85a0-9c333c99f919.jpg","jetpack_sharing_enabled":true,"_links":{"self":[{"href":"https:\/\/zonaroja.com.mx\/index.php?rest_route=\/wp\/v2\/posts\/43278","targetHints":{"allow":["GET"]}}],"collection":[{"href":"https:\/\/zonaroja.com.mx\/index.php?rest_route=\/wp\/v2\/posts"}],"about":[{"href":"https:\/\/zonaroja.com.mx\/index.php?rest_route=\/wp\/v2\/types\/post"}],"author":[{"embeddable":true,"href":"https:\/\/zonaroja.com.mx\/index.php?rest_route=\/wp\/v2\/users\/2"}],"replies":[{"embeddable":true,"href":"https:\/\/zonaroja.com.mx\/index.php?rest_route=%2Fwp%2Fv2%2Fcomments&post=43278"}],"version-history":[{"count":1,"href":"https:\/\/zonaroja.com.mx\/index.php?rest_route=\/wp\/v2\/posts\/43278\/revisions"}],"predecessor-version":[{"id":43279,"href":"https:\/\/zonaroja.com.mx\/index.php?rest_route=\/wp\/v2\/posts\/43278\/revisions\/43279"}],"wp:featuredmedia":[{"embeddable":true,"href":"https:\/\/zonaroja.com.mx\/index.php?rest_route=\/wp\/v2\/media\/43277"}],"wp:attachment":[{"href":"https:\/\/zonaroja.com.mx\/index.php?rest_route=%2Fwp%2Fv2%2Fmedia&parent=43278"}],"wp:term":[{"taxonomy":"category","embeddable":true,"href":"https:\/\/zonaroja.com.mx\/index.php?rest_route=%2Fwp%2Fv2%2Fcategories&post=43278"},{"taxonomy":"post_tag","embeddable":true,"href":"https:\/\/zonaroja.com.mx\/index.php?rest_route=%2Fwp%2Fv2%2Ftags&post=43278"}],"curies":[{"name":"wp","href":"https:\/\/api.w.org\/{rel}","templated":true}]}}