{"id":4328,"date":"2019-09-27T08:01:16","date_gmt":"2019-09-27T13:01:16","guid":{"rendered":"http:\/\/www.zonaroja.com.mx\/?p=4328"},"modified":"2019-09-27T08:01:18","modified_gmt":"2019-09-27T13:01:18","slug":"ejerce-inpi-mas-de-dos-mil-mdp-en-596-obras-y-acciones-en-el-pais","status":"publish","type":"post","link":"https:\/\/zonaroja.com.mx\/?p=4328","title":{"rendered":"Ejerce INPI m\u00e1s de dos mil mdp en 596 obras y acciones en el pa\u00eds"},"content":{"rendered":"\n<p>Redacci\u00f3n\/Zona\nRoja.<\/p>\n\n\n\n<p>Ciudad de\nM\u00e9xico, M\u00e9xico, a 26 de septiembre de 2019.- Este a\u00f1o en M\u00e9xico se han\nimplementado un total de 596 obras y acciones, entre las que destacan 323 obras\nde electrificaci\u00f3n en todo el pa\u00eds, 89 obras de agua potable, 43 obras de\ndrenaje y plantas de tratamiento, 50 biodigestores, 57 caminos y puentes y 34\nestudios y proyectos, inform\u00f3 el Instituto Nacional de Pueblos Ind\u00edgenas (INPI).<\/p>\n\n\n\n<p>En el marco\ndel \u201cTaller de Evaluaci\u00f3n del Programa de Infraestructura Ind\u00edgena PROII con\nautoridades municipales: avances, perspectiva y ruta de trabajo\u201d, efectuado en\nla Ciudad de M\u00e9xico y que encabez\u00f3 el titular, Adelfo Regino Montes, se dio a\nconocer tambi\u00e9n que en Oaxaca se han impulsado diversas acciones a favor de las\ncomunidades.<\/p>\n\n\n\n<p>As\u00ed, mediante\n221 convenios con municipios ind\u00edgenas y m\u00e1s de dos mil millones de pesos\nejercidos y convenidos en el marco del Programa de Infraestructura Ind\u00edgena\n(PROII), el INPI ha cubierto casi en su totalidad el recurso asignado para el\ndesarrollo de obras en comunidades.<\/p>\n\n\n\n<p>\u201cHemos suscrito 221 convenios con ayuntamientos, tres convenios con la Comisi\u00f3n Federal de Electricidad (CFE), para que ejecuten obras de electrificaci\u00f3n en comunidades; as\u00ed como un convenio con la Comisi\u00f3n Nacional de Vivienda para la reconstrucci\u00f3n en La Monta\u00f1a de Guerrero, donde se brinda especial atenci\u00f3n a los pueblos y comunidades ind\u00edgenas que sufrieron las consecuencias adversas de los huracanes Ingrid y Manuel y que desde 2013 no hab\u00edan recibido atenci\u00f3n a sus demandas\u201d, detall\u00f3 Regino Montes.<\/p>\n\n\n\n<figure class=\"wp-block-image\"><img decoding=\"async\" width=\"1024\" height=\"682\" src=\"http:\/\/www.zonaroja.com.mx\/wp-content\/uploads\/2019\/09\/PHOTO-2019-09-26-20-19-04-1-1024x682.jpg\" alt=\"\" class=\"wp-image-4329\" srcset=\"https:\/\/zonaroja.com.mx\/wp-content\/uploads\/2019\/09\/PHOTO-2019-09-26-20-19-04-1-1024x682.jpg 1024w, https:\/\/zonaroja.com.mx\/wp-content\/uploads\/2019\/09\/PHOTO-2019-09-26-20-19-04-1-300x200.jpg 300w, https:\/\/zonaroja.com.mx\/wp-content\/uploads\/2019\/09\/PHOTO-2019-09-26-20-19-04-1-768x512.jpg 768w, https:\/\/zonaroja.com.mx\/wp-content\/uploads\/2019\/09\/PHOTO-2019-09-26-20-19-04-1-1170x780.jpg 1170w, https:\/\/zonaroja.com.mx\/wp-content\/uploads\/2019\/09\/PHOTO-2019-09-26-20-19-04-1-585x390.jpg 585w, https:\/\/zonaroja.com.mx\/wp-content\/uploads\/2019\/09\/PHOTO-2019-09-26-20-19-04-1-263x175.jpg 263w, https:\/\/zonaroja.com.mx\/wp-content\/uploads\/2019\/09\/PHOTO-2019-09-26-20-19-04-1.jpg 1280w\" sizes=\"(max-width: 1024px) 100vw, 1024px\" \/><\/figure>\n\n\n\n<p>Subray\u00f3 la\ninstauraci\u00f3n de 323 obras de electrificaci\u00f3n en todo el pa\u00eds y enfatiz\u00f3 que derivado\nde la Consulta sobre el Programa para el Desarrollo del Istmo de Tehuantepec,\nhan iniciado las obras de construcci\u00f3n de una granja solar en Santa Mar\u00eda del\nMar, que contar\u00e1 con una inversi\u00f3n de alrededor de 45 millones de pesos por\nparte del INPI.<\/p>\n\n\n\n<p>Asimismo,\nresalt\u00f3 la realizaci\u00f3n de dos subestaciones el\u00e9ctricas ubicadas en las regiones\nde Uxpanapa, en Veracruz, y del Bajo Mixe, en Oaxaca, como un acto de justicia\nsocial que beneficiar\u00e1 a localidades integradas por personas ind\u00edgenas\nreubicadas en pasadas administraciones, debido a la construcci\u00f3n de las presas\n\u201cMiguel Alem\u00e1n\u201d y \u201cCerro de Oro\u201d.<\/p>\n\n\n\n<p>Expuso que con\nestas acciones el INPI ha ejercido y convenido un monto de dos mil 081 millones\n303 mil 291.29 pesos, cubriendo casi en su totalidad el presupuesto asignado a\neste programa, en cumplimiento al mandato presidencial de utilizar de manera\nplena el recurso desde la austeridad y el combate a la corrupci\u00f3n.<\/p>\n\n\n\n<p>Los servidores\np\u00fablicos que impartieron el Taller, expusieron que cada uno de los proyectos ha\nsido revisado con sumo cuidado para asegurar que la inversi\u00f3n se haga de manera\njusta y se apegue a los costos reales de cada una de las obras, en un marco de\nhonradez y honestidad.<\/p>\n\n\n\n<p>La\ncapacitaci\u00f3n retom\u00f3 los procesos de licitaci\u00f3n y las debidas acciones para dar\ncumplimiento a las leyes correspondientes y brind\u00f3 las herramientas t\u00e9cnicas\npara ejercer y comprobar los recursos p\u00fablicos; esto a fin de que los pueblos\nconcreten obras de calidad.<\/p>\n\n\n\n<p>El objetivo\ndel taller fue realizar un ejercicio de evaluaci\u00f3n del proceso presupuestal y\nde inicio de obras con las autoridades municipales que suscribieron convenios\ncon el Instituto Nacional de los Pueblos Ind\u00edgenas (INPI).<\/p>\n\n\n\n<p>Para ello m\u00e1s\nde 125 autoridades municipales ind\u00edgenas se dieron cita este jueves en la\nCiudad de M\u00e9xico, en el que se brind\u00f3 acompa\u00f1amiento a los ayuntamientos en\nmateria de obras de infraestructura.<\/p>\n\n\n\n<p>Durante la\ninauguraci\u00f3n de los trabajos, el director General del INPI, Adelfo Regino\nMontes, asegur\u00f3 que el Instituto se encuentra atento a las obras y acciones que\nrealizan las autoridades ind\u00edgenas en beneficio de sus comunidades, y reafirm\u00f3\nque desde el Gobierno de M\u00e9xico que encabeza el Presidente Andr\u00e9s Manuel L\u00f3pez\nObrador se reconoce a los gobiernos ind\u00edgenas regidos por sistemas normativos\nde \u201cusos y costumbres\u201d, por la entrega en el trabajo con sus pueblos y por\nconducir las tareas comunitarias con devoci\u00f3n y compromiso, siendo ejemplo de\ndemocracia y honradez en este pa\u00eds.<\/p>\n","protected":false},"excerpt":{"rendered":"<p>Redacci\u00f3n\/Zona Roja. Ciudad de M\u00e9xico, M\u00e9xico, a 26 de septiembre de 2019.- Este a\u00f1o en&hellip;<\/p>\n","protected":false},"author":2,"featured_media":4330,"comment_status":"closed","ping_status":"open","sticky":false,"template":"","format":"standard","meta":{"_lmt_disableupdate":"","_lmt_disable":"","_jetpack_memberships_contains_paid_content":false,"footnotes":""},"categories":[109,46],"tags":[557,558],"class_list":["post-4328","post","type-post","status-publish","format-standard","has-post-thumbnail","hentry","category-minuto-a-minuto","category-zona-blanca","tag-adelfo-regino-montes","tag-instituto-nacional-de-pueblos-indigenas"],"jetpack_featured_media_url":"https:\/\/zonaroja.com.mx\/wp-content\/uploads\/2019\/09\/PHOTO-2019-09-26-20-19-04.jpg","jetpack_sharing_enabled":true,"_links":{"self":[{"href":"https:\/\/zonaroja.com.mx\/index.php?rest_route=\/wp\/v2\/posts\/4328","targetHints":{"allow":["GET"]}}],"collection":[{"href":"https:\/\/zonaroja.com.mx\/index.php?rest_route=\/wp\/v2\/posts"}],"about":[{"href":"https:\/\/zonaroja.com.mx\/index.php?rest_route=\/wp\/v2\/types\/post"}],"author":[{"embeddable":true,"href":"https:\/\/zonaroja.com.mx\/index.php?rest_route=\/wp\/v2\/users\/2"}],"replies":[{"embeddable":true,"href":"https:\/\/zonaroja.com.mx\/index.php?rest_route=%2Fwp%2Fv2%2Fcomments&post=4328"}],"version-history":[{"count":1,"href":"https:\/\/zonaroja.com.mx\/index.php?rest_route=\/wp\/v2\/posts\/4328\/revisions"}],"predecessor-version":[{"id":4331,"href":"https:\/\/zonaroja.com.mx\/index.php?rest_route=\/wp\/v2\/posts\/4328\/revisions\/4331"}],"wp:featuredmedia":[{"embeddable":true,"href":"https:\/\/zonaroja.com.mx\/index.php?rest_route=\/wp\/v2\/media\/4330"}],"wp:attachment":[{"href":"https:\/\/zonaroja.com.mx\/index.php?rest_route=%2Fwp%2Fv2%2Fmedia&parent=4328"}],"wp:term":[{"taxonomy":"category","embeddable":true,"href":"https:\/\/zonaroja.com.mx\/index.php?rest_route=%2Fwp%2Fv2%2Fcategories&post=4328"},{"taxonomy":"post_tag","embeddable":true,"href":"https:\/\/zonaroja.com.mx\/index.php?rest_route=%2Fwp%2Fv2%2Ftags&post=4328"}],"curies":[{"name":"wp","href":"https:\/\/api.w.org\/{rel}","templated":true}]}}