{"id":43290,"date":"2022-07-08T16:21:20","date_gmt":"2022-07-08T21:21:20","guid":{"rendered":"https:\/\/www.zonaroja.com.mx\/?p=43290"},"modified":"2022-07-08T16:22:35","modified_gmt":"2022-07-08T21:22:35","slug":"activista-oaxaqueno-denuncia-agresion-en-morelos-pese-a-contar-con-proteccion-2","status":"publish","type":"post","link":"https:\/\/zonaroja.com.mx\/?p=43290","title":{"rendered":"Activista oaxaque\u00f1o denuncia agresi\u00f3n en Morelos, pese a contar con protecci\u00f3n"},"content":{"rendered":"\n<p>Yuridiana Sosa\/Zona Roja.<\/p>\n\n\n\n<p>Oaxaca de Ju\u00e1rez, Oax., a 8 de julio de 2022.- El activista ind\u00edgena Ayuujk Joaqu\u00edn Galv\u00e1n fue agredido por un grupo de sujetos desconocidos en el estado de Morelos, quienes a punta de pistola le arrebataron su celular, el cual contiene informaci\u00f3n importante y delicada de casos que defiende. <\/p>\n\n\n\n<p>Por medio de su cuenta de Twitter, el activista relat\u00f3 que cerca de las 23:20 horas de la noche de este jueves, mientras se encontraba cenando en un local, cuatro sujetos descendieron de dos motocicletas y fueron directamente hacia \u00e9l para quitarle su celular. <\/p>\n\n\n\n<p>\u201cDe todos, me enca\u00f1onaron solo a m\u00ed\u201d, \u201cNo hicieron m\u00f3vil de asalto. Fueron directamente por mi celular, parte de mi informaci\u00f3n delicada la tengo respaldada pero otra parte no\u201d, destac\u00f3. <\/p>\n\n\n\n<p>Joaqu\u00edn Galv\u00e1n fue incluido desde hace algunos meses en el Mecanismo de Protecci\u00f3n para Periodistas y Defensores de Derechos Humanos de la Secretar\u00eda de Gobernaci\u00f3n (Segob), por fuertes amenazas que ha recibido contra su vida, luego de su intervenci\u00f3n en busca de justicia por el asesinato de migrantes Ayuujk, que involucra una banda que opera en la zona Mixe.<\/p>\n\n\n\n<p>Ante la m\u00e1s reciente agresi\u00f3n en Morelos, donde se refugia, el activista conden\u00f3 la demora en la actuaci\u00f3n de la Guardia Nacional para responder a su llamado por medio del bot\u00f3n de emergencia, pues lleg\u00f3 ocho horas despu\u00e9s a pesar de encontrarse en zona urbana, lo que pudo haber sido la diferencia para recuperar su tel\u00e9fono.<\/p>\n\n\n\n<p>\u201cEl Mecanismo de Protecci\u00f3n me volvi\u00f3 a fallar, siendo que los acuerdos oficiales son que mi primer respondiente debe ser la Guardia Nacional\u201d, se\u00f1al\u00f3.<\/p>\n\n\n\n<p>Agreg\u00f3 que se encuentra bien, aunque con algunas lesiones por los golpes y por el hecho se reuni\u00f3 con altos mandos de la Guardia Nacional de esa zona de M\u00e9xico, en la que se comprometieron a darle acompa\u00f1amiento de forma cercana.<\/p>\n\n\n\n<p>Sobre la informaci\u00f3n que contiene en su celular, el cual no ha sido recuperado, dijo: \u201cLa importancia de la informaci\u00f3n que tengo en ese tel\u00e9fono celular solo lo sab\u00eda el \u00e1rea de inteligencia de la Fiscal\u00eda de Oaxaca, el Mecanismo de Protecci\u00f3n y la Fiscal\u00eda General de la Rep\u00fablica\u201d.<\/p>\n\n\n\n<p>As\u00ed tambi\u00e9n, expres\u00f3 que espera disposici\u00f3n para su ayuda del gobierno del estado de Morelos. <\/p>\n\n\n\n<p>Entre otras defensas en la que se ha involucrado el activista, de profesi\u00f3n abogado, fue en la del territorio y del agua en San Pedro y San Pablo Ayutla, de donde es originario.<\/p>\n","protected":false},"excerpt":{"rendered":"<p>Yuridiana Sosa\/Zona Roja. Oaxaca de Ju\u00e1rez, Oax., a 8 de julio de 2022.- El activista&hellip;<\/p>\n","protected":false},"author":2,"featured_media":43280,"comment_status":"closed","ping_status":"open","sticky":false,"template":"","format":"standard","meta":{"_lmt_disableupdate":"","_lmt_disable":"","_jetpack_memberships_contains_paid_content":false,"footnotes":""},"categories":[109,47],"tags":[],"class_list":["post-43290","post","type-post","status-publish","format-standard","has-post-thumbnail","hentry","category-minuto-a-minuto","category-zona-gris"],"jetpack_featured_media_url":"https:\/\/zonaroja.com.mx\/wp-content\/uploads\/2022\/07\/Joaquin-Galvan.jpg","jetpack_sharing_enabled":true,"_links":{"self":[{"href":"https:\/\/zonaroja.com.mx\/index.php?rest_route=\/wp\/v2\/posts\/43290","targetHints":{"allow":["GET"]}}],"collection":[{"href":"https:\/\/zonaroja.com.mx\/index.php?rest_route=\/wp\/v2\/posts"}],"about":[{"href":"https:\/\/zonaroja.com.mx\/index.php?rest_route=\/wp\/v2\/types\/post"}],"author":[{"embeddable":true,"href":"https:\/\/zonaroja.com.mx\/index.php?rest_route=\/wp\/v2\/users\/2"}],"replies":[{"embeddable":true,"href":"https:\/\/zonaroja.com.mx\/index.php?rest_route=%2Fwp%2Fv2%2Fcomments&post=43290"}],"version-history":[{"count":1,"href":"https:\/\/zonaroja.com.mx\/index.php?rest_route=\/wp\/v2\/posts\/43290\/revisions"}],"predecessor-version":[{"id":43291,"href":"https:\/\/zonaroja.com.mx\/index.php?rest_route=\/wp\/v2\/posts\/43290\/revisions\/43291"}],"wp:featuredmedia":[{"embeddable":true,"href":"https:\/\/zonaroja.com.mx\/index.php?rest_route=\/wp\/v2\/media\/43280"}],"wp:attachment":[{"href":"https:\/\/zonaroja.com.mx\/index.php?rest_route=%2Fwp%2Fv2%2Fmedia&parent=43290"}],"wp:term":[{"taxonomy":"category","embeddable":true,"href":"https:\/\/zonaroja.com.mx\/index.php?rest_route=%2Fwp%2Fv2%2Fcategories&post=43290"},{"taxonomy":"post_tag","embeddable":true,"href":"https:\/\/zonaroja.com.mx\/index.php?rest_route=%2Fwp%2Fv2%2Ftags&post=43290"}],"curies":[{"name":"wp","href":"https:\/\/api.w.org\/{rel}","templated":true}]}}