{"id":43292,"date":"2022-07-08T20:43:49","date_gmt":"2022-07-09T01:43:49","guid":{"rendered":"http:\/\/www.zonaroja.com.mx\/?p=43292"},"modified":"2022-07-08T20:43:50","modified_gmt":"2022-07-09T01:43:50","slug":"de-amlito-a-perseguido-por-la-justicia-inicia-fgr-indagatoria-vs-lider-del-pri","status":"publish","type":"post","link":"https:\/\/zonaroja.com.mx\/?p=43292","title":{"rendered":"De \u201cAmlito\u201d a perseguido por la justicia; inicia FGR indagatoria vs. l\u00edder del PRI"},"content":{"rendered":"\n<p>Redacci\u00f3n\/Zona Roja Cdmx.<\/p>\n\n\n\n<p>Ciudad de M\u00e9xico, 8 de julio de 2022.- Mientras el l\u00edder nacional del&nbsp;Partido Revolucionario Institucional (PRI), Alejandro &#8216;Alito&#8217; Moreno C\u00e1rdenas, est\u00e1 en la&nbsp;Internacional Socialista, en Ginebra, el gobierno del presidente Andr\u00e9s Manuel L\u00f3pez Obrador (AMLO), a trav\u00e9s de la Fiscal\u00eda General de la Rep\u00fablica (FGR)&nbsp;inici\u00f3 una carpeta de investigaci\u00f3n en su contra.&nbsp;<\/p>\n\n\n\n<p>Los delitos por los que ser\u00e1 investigado el tambi\u00e9n exgobernador de Campeche, son: posibles delitos de tr\u00e1fico de influencias, desv\u00edo de fondos federales, lavado de dinero, enriquecimiento il\u00edcito y fraude fiscal.&nbsp;<\/p>\n\n\n\n<p>Lo anterior, luego que la actual gobernadora del estado, Layda Sansores, ha difundido en varias ocasiones audios en los que el l\u00edder del PRI, propone cometer algunos delitos para beneficiarse.&nbsp;<\/p>\n\n\n\n<p>En el \u00faltimo difundido el pasado 5 de julio, donde se escucha a Alejandro Moreno C\u00e1rdenas, dar a entender que presuntamente va a extorsionar a los empresarios con una serie de reformas que a\u00fan est\u00e1n por aprobarse en el Congreso, entre ellas, la Fiscal.<\/p>\n\n\n\n<p>Tambi\u00e9n se escucha a Moreno, hablando de un contrato de 700 millones de pesos con Televisa e incluso presenta las im\u00e1genes del contrato con las firmas de los ejecutivos de ese medio de comunicaci\u00f3n.<\/p>\n\n\n\n<p>CASO COLOSIO<\/p>\n\n\n\n<p>Por otra parte, la Fiscal\u00eda General de la Rep\u00fablica (FGR) reabri\u00f3 el caso del asesinato del excandidato presidencial del PRI,&nbsp;Luis Donaldo Colosio, ocurrido en marzo de 1994, en&nbsp;Lomas Taurinas, Tijuana.<\/p>\n\n\n\n<p>Dicha dependencia integrar\u00e1 un equipo especial para indagar los hechos y, de ser necesario, retomar procesos penales.<\/p>\n\n\n\n<p>Desde abril de 2022, la Fiscal\u00eda integr\u00f3 a fiscales y elementos de la Polic\u00eda Federal Ministerial (PFM) para enfocarse a la \u201cinvestigaci\u00f3n exhaustiva de los hechos\u201d registrados en Baja California.<\/p>\n\n\n\n<p>Seg\u00fan \u201cEl Universal\u201d, en junio se radic\u00f3 la averiguaci\u00f3n previa en la Fiscal\u00eda Especializada en Materia de Derechos Humanos de la FGR y como primeras acciones, los fiscales del caso solicitaron a la directora &nbsp;del Sistema Institucional de Archivo de la C\u00e1mara de Diputados de la LXV legislatura, copias de las constancias del expediente que fue integrado por la Comisi\u00f3n Especial para el Caso.<\/p>\n\n\n\n<p>Asimismo, se pidi\u00f3 a la presidenta de la Comisi\u00f3n Nacional de los Derechos Humanos (CNDH), Rosario Piedra Ibarra, copia de las constancias de las quejas o denuncias impuestas por&nbsp;Mario Aburto Mart\u00ednez, o de alguno de sus familiares ante ese organismo.<\/p>\n\n\n\n<p>Tambi\u00e9n se solicit\u00f3 a la Polic\u00eda Federal Ministerial la designaci\u00f3n de personas, para que de manera inmediata se avoquen a la investigaci\u00f3n de b\u00fasqueda y localizaci\u00f3n de personas de intereses para la investigaci\u00f3n.&nbsp;<\/p>\n\n\n\n<p>En agosto de 2019, la FGR public\u00f3 en su p\u00e1gina de internet la versi\u00f3n p\u00fablica de la averiguaci\u00f3n previa iniciada hace 28 a\u00f1os por el homicidio del excandidato presidencial del PRI, Luis Donaldo Colosio Murrieta. El expediente consta de 15 tomos.<\/p>\n\n\n\n<p>(Informaci\u00f3n del sitio \u201cNaci\u00f3n 321\u201d)<\/p>\n","protected":false},"excerpt":{"rendered":"<p>Redacci\u00f3n\/Zona Roja Cdmx. Ciudad de M\u00e9xico, 8 de julio de 2022.- Mientras el l\u00edder nacional&hellip;<\/p>\n","protected":false},"author":2,"featured_media":43293,"comment_status":"closed","ping_status":"open","sticky":false,"template":"","format":"standard","meta":{"_lmt_disableupdate":"","_lmt_disable":"","_jetpack_memberships_contains_paid_content":false,"footnotes":""},"categories":[109,47],"tags":[],"class_list":["post-43292","post","type-post","status-publish","format-standard","has-post-thumbnail","hentry","category-minuto-a-minuto","category-zona-gris"],"jetpack_featured_media_url":"https:\/\/zonaroja.com.mx\/wp-content\/uploads\/2022\/07\/Alejandro-Moreno-Cardenas.webp","jetpack_sharing_enabled":true,"_links":{"self":[{"href":"https:\/\/zonaroja.com.mx\/index.php?rest_route=\/wp\/v2\/posts\/43292","targetHints":{"allow":["GET"]}}],"collection":[{"href":"https:\/\/zonaroja.com.mx\/index.php?rest_route=\/wp\/v2\/posts"}],"about":[{"href":"https:\/\/zonaroja.com.mx\/index.php?rest_route=\/wp\/v2\/types\/post"}],"author":[{"embeddable":true,"href":"https:\/\/zonaroja.com.mx\/index.php?rest_route=\/wp\/v2\/users\/2"}],"replies":[{"embeddable":true,"href":"https:\/\/zonaroja.com.mx\/index.php?rest_route=%2Fwp%2Fv2%2Fcomments&post=43292"}],"version-history":[{"count":1,"href":"https:\/\/zonaroja.com.mx\/index.php?rest_route=\/wp\/v2\/posts\/43292\/revisions"}],"predecessor-version":[{"id":43294,"href":"https:\/\/zonaroja.com.mx\/index.php?rest_route=\/wp\/v2\/posts\/43292\/revisions\/43294"}],"wp:featuredmedia":[{"embeddable":true,"href":"https:\/\/zonaroja.com.mx\/index.php?rest_route=\/wp\/v2\/media\/43293"}],"wp:attachment":[{"href":"https:\/\/zonaroja.com.mx\/index.php?rest_route=%2Fwp%2Fv2%2Fmedia&parent=43292"}],"wp:term":[{"taxonomy":"category","embeddable":true,"href":"https:\/\/zonaroja.com.mx\/index.php?rest_route=%2Fwp%2Fv2%2Fcategories&post=43292"},{"taxonomy":"post_tag","embeddable":true,"href":"https:\/\/zonaroja.com.mx\/index.php?rest_route=%2Fwp%2Fv2%2Ftags&post=43292"}],"curies":[{"name":"wp","href":"https:\/\/api.w.org\/{rel}","templated":true}]}}