{"id":43296,"date":"2022-07-08T21:54:06","date_gmt":"2022-07-09T02:54:06","guid":{"rendered":"http:\/\/www.zonaroja.com.mx\/?p=43296"},"modified":"2022-07-08T21:54:08","modified_gmt":"2022-07-09T02:54:08","slug":"por-ingresos-y-reconstruccion-de-escuelas-las-protestas-este-viernes-en-oaxaca","status":"publish","type":"post","link":"https:\/\/zonaroja.com.mx\/?p=43296","title":{"rendered":"Por ingresos y reconstrucci\u00f3n de escuelas, las protestas este viernes en Oaxaca"},"content":{"rendered":"\n<p>Yuridiana Sosa\/Zona Roja.<\/p>\n\n\n\n<p>Oaxaca de Ju\u00e1rez, Oax., a 8 de julio de 2022.- La protestas a la puerta de la rector\u00eda de la Universidad Aut\u00f3noma \u201cBenito Ju\u00e1rez\u201d de Oaxaca (UABJO) continuaron este viernes, ahora por parte de j\u00f3venes rechazados que exigen un espacio en la m\u00e1xima casa de estudios.<\/p>\n\n\n\n<p>Representantes de diferentes organizaciones que integran la Asamblea Estudiantil, supuestamente para dar voz a j\u00f3venes ind\u00edgenas de escasos recursos, se manifestaron con la instalaci\u00f3n de lonas en el acceso al edificio central para demandar un di\u00e1logo con el rector Cristian Carre\u00f1o L\u00f3pez.<\/p>\n\n\n\n<p>Jos\u00e9 Mart\u00ednez, l\u00edder en el movimiento, dijo que algunos de sus representando realizaron el examen de admisi\u00f3n, pero lo reprobaron, mientras que otros a\u00fan est\u00e1n por resolverlos, pero aun as\u00ed luchan por espacios para ellos, pues todos los j\u00f3venes tienen el derecho a recibir una educaci\u00f3n superior, pero no todos cuentan con los recursos econ\u00f3micos.<\/p>\n\n\n\n<p>Mientras tanto, en la regi\u00f3n del Istmo, padres de familia y personal educativo de la escuela primaria \u201cJaime Torres Bodet\u201d del municipio de Juchit\u00e1n de Zaragoza se manifestaron para exigir la reconstrucci\u00f3n del inmueble da\u00f1ado desde el sismo del 7 de septiembre de 2017.<\/p>\n\n\n\n<p>Los afectados arribaron a las instalaciones del ayuntamiento municipal a cargo de Emilio Montero para exigir su intervenci\u00f3n y se logren la atenci\u00f3n del gobierno federal para dar una pronta soluci\u00f3n al problema de infraestructura, pues su deplorable estado pone en riesgo a los menores.<\/p>\n\n\n\n<p>Apuntaron que a pesar de los da\u00f1os en la escuela, hace casi cinco a\u00f1os, el Gobierno del estado actual no realiz\u00f3 desde ese entonces ninguna acci\u00f3n a favor del plantel, mientras que la administraci\u00f3n est\u00e1 por concluir.<\/p>\n\n\n\n<p>Para esta manifestaci\u00f3n, los padres y docentes se reunieron en el \u00abMonumento a los H\u00e9roes Juchitecos\u201d para de ah\u00ed marchar hasta la sede del ayuntamiento.<\/p>\n","protected":false},"excerpt":{"rendered":"<p>Yuridiana Sosa\/Zona Roja. Oaxaca de Ju\u00e1rez, Oax., a 8 de julio de 2022.- La protestas&hellip;<\/p>\n","protected":false},"author":2,"featured_media":43297,"comment_status":"closed","ping_status":"open","sticky":false,"template":"","format":"standard","meta":{"_lmt_disableupdate":"","_lmt_disable":"","_jetpack_memberships_contains_paid_content":false,"footnotes":""},"categories":[109,47],"tags":[3169],"class_list":["post-43296","post","type-post","status-publish","format-standard","has-post-thumbnail","hentry","category-minuto-a-minuto","category-zona-gris","tag-cristian-eder-carreno-lopez"],"jetpack_featured_media_url":"https:\/\/zonaroja.com.mx\/wp-content\/uploads\/2022\/07\/Protesta-UABJO-estudiantes.jpg","jetpack_sharing_enabled":true,"_links":{"self":[{"href":"https:\/\/zonaroja.com.mx\/index.php?rest_route=\/wp\/v2\/posts\/43296","targetHints":{"allow":["GET"]}}],"collection":[{"href":"https:\/\/zonaroja.com.mx\/index.php?rest_route=\/wp\/v2\/posts"}],"about":[{"href":"https:\/\/zonaroja.com.mx\/index.php?rest_route=\/wp\/v2\/types\/post"}],"author":[{"embeddable":true,"href":"https:\/\/zonaroja.com.mx\/index.php?rest_route=\/wp\/v2\/users\/2"}],"replies":[{"embeddable":true,"href":"https:\/\/zonaroja.com.mx\/index.php?rest_route=%2Fwp%2Fv2%2Fcomments&post=43296"}],"version-history":[{"count":1,"href":"https:\/\/zonaroja.com.mx\/index.php?rest_route=\/wp\/v2\/posts\/43296\/revisions"}],"predecessor-version":[{"id":43298,"href":"https:\/\/zonaroja.com.mx\/index.php?rest_route=\/wp\/v2\/posts\/43296\/revisions\/43298"}],"wp:featuredmedia":[{"embeddable":true,"href":"https:\/\/zonaroja.com.mx\/index.php?rest_route=\/wp\/v2\/media\/43297"}],"wp:attachment":[{"href":"https:\/\/zonaroja.com.mx\/index.php?rest_route=%2Fwp%2Fv2%2Fmedia&parent=43296"}],"wp:term":[{"taxonomy":"category","embeddable":true,"href":"https:\/\/zonaroja.com.mx\/index.php?rest_route=%2Fwp%2Fv2%2Fcategories&post=43296"},{"taxonomy":"post_tag","embeddable":true,"href":"https:\/\/zonaroja.com.mx\/index.php?rest_route=%2Fwp%2Fv2%2Ftags&post=43296"}],"curies":[{"name":"wp","href":"https:\/\/api.w.org\/{rel}","templated":true}]}}