{"id":43299,"date":"2022-07-09T08:50:00","date_gmt":"2022-07-09T13:50:00","guid":{"rendered":"http:\/\/www.zonaroja.com.mx\/?p=43299"},"modified":"2022-07-09T06:51:47","modified_gmt":"2022-07-09T11:51:47","slug":"el-ieepco-y-el-ine-suman-esfuerzos-en-acciones-de-contraloria","status":"publish","type":"post","link":"https:\/\/zonaroja.com.mx\/?p=43299","title":{"rendered":"El IEEPCO y el INE suman esfuerzos en acciones de contralor\u00eda"},"content":{"rendered":"\n<p>Redacci\u00f3n\/Zona Roja.<\/p>\n\n\n\n<p>Oaxaca de Ju\u00e1rez, Oax., 9 de julio de 2022.- La Contralor\u00eda General del Instituto Estatal Electoral y de Participaci\u00f3n Ciudadana de Oaxaca (IEEPCO) y el \u00d3rgano Interno de Control del Instituto Nacional Electoral (INE) firmaron un convenio de colaboraci\u00f3n a fin de sumar esfuerzos en el intercambio de informaci\u00f3n para la fiscalizaci\u00f3n y rendici\u00f3n de cuentas. &nbsp;<\/p>\n\n\n\n<p>Durante el evento protocolario, la consejera presidenta del IEEPCO, Elizabeth S\u00e1nchez Gonz\u00e1lez, record\u00f3 que los \u00f3rganos internos de control fueron creados para evaluar y promover el buen funcionamiento interno de las organizaciones gubernamentales.&nbsp;<\/p>\n\n\n\n<p>En este sentido detall\u00f3 que es vital el ejercicio de la rendici\u00f3n de cuentas por parte de las instituciones y quienes en ella laboran, as\u00ed como el combate a la corrupci\u00f3n a fin de darle m\u00e1s certeza de la vida p\u00fablica y pol\u00edtica a la generaciones venideras. &nbsp;<\/p>\n\n\n\n<p>\u201cUna instituci\u00f3n se corrompe cuando sus miembros pierden de vista el objeto esencial para el que fue creada y utilizan las facultades y recursos a su cargo para el beneficio particular, para evitarlo es vital el ejercicio de la rendici\u00f3n de cuentas\u201d, asegur\u00f3. &nbsp;<\/p>\n\n\n\n<p>En su intervenci\u00f3n, el titular de la Contralor\u00eda del IEEPCO, Salvador Alejandro Cruz Rodr\u00edguez, enfatiz\u00f3 que la firma de convenio afianza la relaci\u00f3n interinstitucional entre los \u00f3rganos de control interno y constituye el primer paso para abonar en el ejercicio de las facultades que tienen conferidas las contralor\u00edas generales a fin de prevenir y erradicar posibles actos de corrupci\u00f3n y manejo inadecuado de los recursos p\u00fablicos.&nbsp;<\/p>\n\n\n\n<p>Por su parte, Jes\u00fas George Zamora, titular del \u00d3rgano Interno de Control del INE, celebr\u00f3 la estrecha colaboraci\u00f3n entre ambas instituciones misma que fortalece y establece acciones concretas para cumplir con lo estipulad en Ley General de Sistema Anticorrupci\u00f3n y la Ley General de Responsabilidades Administrativas.&nbsp;<\/p>\n\n\n\n<p>\u201cEl combate a la corrupci\u00f3n es no s\u00f3lo un asunto de contralor\u00edas y de \u00f3rganos internos de control, de s\u00f3lida fiscalizaci\u00f3n y buenos abogados investigadores de faltas administrativas, sino de la voluntad para enfrentarla y erradicarla\u201d.&nbsp;<\/p>\n\n\n\n<p>Durante la firma del convenio estuvieron presentes, las consejeras electorales Carmelita Sibaja Ochoa, Jessica Jazibe Hern\u00e1ndez Garc\u00eda, Nayma Enr\u00edquez Estrada; los consejeros electorales Alejandro Carrasco Sampedro y Wilfrido Lulio Almaraz Santib\u00e1\u00f1ez; as\u00ed como&nbsp; el titular de la Unidad de Asuntos Jur\u00eddicos del \u00d3rgano Interno de Control del INE, Marco Tulio Ram\u00edrez Pitta; el encargado de despacho de la Secretar\u00eda Ejecutiva del IEEPCO, Juan Carlos Merl\u00edn Mu\u00f1oz y las representaciones de los partidos pol\u00edticos.&nbsp;<\/p>\n","protected":false},"excerpt":{"rendered":"<p>Redacci\u00f3n\/Zona Roja. Oaxaca de Ju\u00e1rez, Oax., 9 de julio de 2022.- La Contralor\u00eda General del&hellip;<\/p>\n","protected":false},"author":2,"featured_media":43300,"comment_status":"closed","ping_status":"open","sticky":false,"template":"","format":"standard","meta":{"_lmt_disableupdate":"","_lmt_disable":"","_jetpack_memberships_contains_paid_content":false,"footnotes":""},"categories":[109,46],"tags":[2932],"class_list":["post-43299","post","type-post","status-publish","format-standard","has-post-thumbnail","hentry","category-minuto-a-minuto","category-zona-blanca","tag-instituto-estatal-electoral-y-de-participacion-ciudadana-de-oaxaca-ieepco"],"jetpack_featured_media_url":"https:\/\/zonaroja.com.mx\/wp-content\/uploads\/2022\/07\/IEEPCO-convenio-INE.jpg","jetpack_sharing_enabled":true,"_links":{"self":[{"href":"https:\/\/zonaroja.com.mx\/index.php?rest_route=\/wp\/v2\/posts\/43299","targetHints":{"allow":["GET"]}}],"collection":[{"href":"https:\/\/zonaroja.com.mx\/index.php?rest_route=\/wp\/v2\/posts"}],"about":[{"href":"https:\/\/zonaroja.com.mx\/index.php?rest_route=\/wp\/v2\/types\/post"}],"author":[{"embeddable":true,"href":"https:\/\/zonaroja.com.mx\/index.php?rest_route=\/wp\/v2\/users\/2"}],"replies":[{"embeddable":true,"href":"https:\/\/zonaroja.com.mx\/index.php?rest_route=%2Fwp%2Fv2%2Fcomments&post=43299"}],"version-history":[{"count":1,"href":"https:\/\/zonaroja.com.mx\/index.php?rest_route=\/wp\/v2\/posts\/43299\/revisions"}],"predecessor-version":[{"id":43301,"href":"https:\/\/zonaroja.com.mx\/index.php?rest_route=\/wp\/v2\/posts\/43299\/revisions\/43301"}],"wp:featuredmedia":[{"embeddable":true,"href":"https:\/\/zonaroja.com.mx\/index.php?rest_route=\/wp\/v2\/media\/43300"}],"wp:attachment":[{"href":"https:\/\/zonaroja.com.mx\/index.php?rest_route=%2Fwp%2Fv2%2Fmedia&parent=43299"}],"wp:term":[{"taxonomy":"category","embeddable":true,"href":"https:\/\/zonaroja.com.mx\/index.php?rest_route=%2Fwp%2Fv2%2Fcategories&post=43299"},{"taxonomy":"post_tag","embeddable":true,"href":"https:\/\/zonaroja.com.mx\/index.php?rest_route=%2Fwp%2Fv2%2Ftags&post=43299"}],"curies":[{"name":"wp","href":"https:\/\/api.w.org\/{rel}","templated":true}]}}