{"id":43311,"date":"2022-07-09T11:35:00","date_gmt":"2022-07-09T16:35:00","guid":{"rendered":"http:\/\/www.zonaroja.com.mx\/?p=43311"},"modified":"2022-07-09T07:39:01","modified_gmt":"2022-07-09T12:39:01","slug":"el-995-de-enfermos-con-viruela-del-mono-son-hombres-y-un-tercio-homosexuales","status":"publish","type":"post","link":"https:\/\/zonaroja.com.mx\/?p=43311","title":{"rendered":"El 99,5% de enfermos con viruela del mono son hombres y un tercio homosexuales"},"content":{"rendered":"\n<p>Redacci\u00f3n\/Zona Roja Cdmx.<\/p>\n\n\n\n<p>Ciudad de M\u00e9xico, 9 de julio de 2022.- Un primer perfil de los enfermos afectados por el brote de casos de viruela del mono &nbsp;empieza a dibujarse, seg\u00fan estad\u00edsticas de la Organizaci\u00f3n mundial de la Salud (OMS).<\/p>\n\n\n\n<p>El m\u00e1s com\u00fan es el de un hombre de menos de 40 a\u00f1os, residente en Europa, que tiene relaciones sexuales con hombres, y presenta erupciones cut\u00e1neas en el cuerpo, adem\u00e1s de fiebre.<\/p>\n\n\n\n<p>Este es un perfil a grandes trazos, representativo de la mayor\u00eda de enfermos.<\/p>\n\n\n\n<p>Con 81,6% de los 6.027 casos registrados en el mundo, Europa es de lejos la regi\u00f3n m\u00e1s afectada por la ola de &nbsp;casos de viruela del mono, detectada en mayo fuera de los pa\u00edses de \u00c1frica central y del oeste donde el virus es end\u00e9mico<\/p>\n\n\n\n<p>Alemania, Reino Unido y Espa\u00f1a son los pa\u00edses m\u00e1s afectados del mundo con m\u00e1s de mil&nbsp;casos cada uno.<\/p>\n\n\n\n<p>El 99,5% de los enfermos son hombres, con una edad media de 37 a\u00f1os, seg\u00fan estad\u00edsticas de la OMS.<\/p>\n\n\n\n<p>Un 60% de los enfermos que revelaron su orientaci\u00f3n sexual &nbsp;&#8211;un tercio de las personas afectadas&#8211; se identifican como homosexuales, bisexuales o habiendo mantenido relaciones sexuales con otros hombres, seg\u00fan el informe.<\/p>\n\n\n\n<p>El secretario general de la OMS Tedros Adhanom Ghebreyesus insisti\u00f3 el mi\u00e9rcoles en su preocupaci\u00f3n por el aumento de casos de viruela del mono y anunci\u00f3 que convocar\u00e1 al comit\u00e9 de emergencias para estudiar la magnitud de la crisis.&nbsp;<\/p>\n\n\n\n<p>El 25 de junio, hab\u00eda considerado que el aumento de casos no justificaba la activaci\u00f3n del m\u00e1ximo nivel de alerta de la organizaci\u00f3n<\/p>\n\n\n\n<p>(Informaci\u00f3n de \u201cExc\u00e9lsior\u201d)<\/p>\n","protected":false},"excerpt":{"rendered":"<p>Redacci\u00f3n\/Zona Roja Cdmx. Ciudad de M\u00e9xico, 9 de julio de 2022.- Un primer perfil de&hellip;<\/p>\n","protected":false},"author":2,"featured_media":42245,"comment_status":"closed","ping_status":"open","sticky":false,"template":"","format":"standard","meta":{"_lmt_disableupdate":"","_lmt_disable":"","_jetpack_memberships_contains_paid_content":false,"footnotes":""},"categories":[109,47],"tags":[3161],"class_list":["post-43311","post","type-post","status-publish","format-standard","has-post-thumbnail","hentry","category-minuto-a-minuto","category-zona-gris","tag-viruela-del-mono"],"jetpack_featured_media_url":"https:\/\/zonaroja.com.mx\/wp-content\/uploads\/2022\/06\/Viruela-del-mono-monkey.jpeg","jetpack_sharing_enabled":true,"_links":{"self":[{"href":"https:\/\/zonaroja.com.mx\/index.php?rest_route=\/wp\/v2\/posts\/43311","targetHints":{"allow":["GET"]}}],"collection":[{"href":"https:\/\/zonaroja.com.mx\/index.php?rest_route=\/wp\/v2\/posts"}],"about":[{"href":"https:\/\/zonaroja.com.mx\/index.php?rest_route=\/wp\/v2\/types\/post"}],"author":[{"embeddable":true,"href":"https:\/\/zonaroja.com.mx\/index.php?rest_route=\/wp\/v2\/users\/2"}],"replies":[{"embeddable":true,"href":"https:\/\/zonaroja.com.mx\/index.php?rest_route=%2Fwp%2Fv2%2Fcomments&post=43311"}],"version-history":[{"count":1,"href":"https:\/\/zonaroja.com.mx\/index.php?rest_route=\/wp\/v2\/posts\/43311\/revisions"}],"predecessor-version":[{"id":43312,"href":"https:\/\/zonaroja.com.mx\/index.php?rest_route=\/wp\/v2\/posts\/43311\/revisions\/43312"}],"wp:featuredmedia":[{"embeddable":true,"href":"https:\/\/zonaroja.com.mx\/index.php?rest_route=\/wp\/v2\/media\/42245"}],"wp:attachment":[{"href":"https:\/\/zonaroja.com.mx\/index.php?rest_route=%2Fwp%2Fv2%2Fmedia&parent=43311"}],"wp:term":[{"taxonomy":"category","embeddable":true,"href":"https:\/\/zonaroja.com.mx\/index.php?rest_route=%2Fwp%2Fv2%2Fcategories&post=43311"},{"taxonomy":"post_tag","embeddable":true,"href":"https:\/\/zonaroja.com.mx\/index.php?rest_route=%2Fwp%2Fv2%2Ftags&post=43311"}],"curies":[{"name":"wp","href":"https:\/\/api.w.org\/{rel}","templated":true}]}}