{"id":43316,"date":"2022-07-09T07:48:55","date_gmt":"2022-07-09T12:48:55","guid":{"rendered":"http:\/\/www.zonaroja.com.mx\/?p=43316"},"modified":"2022-07-09T10:04:14","modified_gmt":"2022-07-09T15:04:14","slug":"anuncian-ganadores-del-concurso-min-print-en-oaxaca","status":"publish","type":"post","link":"https:\/\/zonaroja.com.mx\/?p=43316","title":{"rendered":"Anuncian ganadores del concurso Mini Print en Oaxaca"},"content":{"rendered":"\n<p>Redacci\u00f3n\/Zona Roja.<\/p>\n\n\n\n<p>Oaxaca de Ju\u00e1rez, Oax., 9 de julio de 2022.- El concurso&nbsp;Mini Print surge en el a\u00f1o 2017, en el Taller de Grabado Burro Press fundado por Alberto Cruz, Edith Chavez, Iv\u00e1n Bautista y Misayo Tsutsui, que se encuentra ubicado en la ciudad de Oaxaca.&nbsp;<\/p>\n\n\n\n<p>Con respecto a la fundaci\u00f3n del taller Burro Press, Iv\u00e1n Bautista comparti\u00f3 que la idea inicial fue \u201ctener un espacio en concreto para que cada uno de los integrantes pudiera realizar sus actividades en torno a la gr\u00e1fica y desarrollar su trabajo personal\u201d.&nbsp;<\/p>\n\n\n\n<p>Paralelo a esto naci\u00f3 el proyecto de Mini Print Oaxaca, el cual tiene como objetivo exponer las obras realizadas con t\u00e9cnicas de grabado tradicionales de artistas nacionales que resulten seleccionados a partir de una convocatoria.&nbsp;<\/p>\n\n\n\n<p>\u201cEl compromiso del proyecto es abrir la convocatoria y que no tenga filtros de edades, ni de nivel de estudios, por lo cual pueden participar desde ni\u00f1os, adolescentes de catorce o quince a\u00f1os, hasta adultos de setenta a\u00f1os, no hay un l\u00edmite de edad, la cuesti\u00f3n es que se realice un consenso de lo que est\u00e1 sucediendo en la rep\u00fablica mexicana, en cuanto a la gr\u00e1fica de este formato y como Oaxaca ha influido en otros estados\u201d.&nbsp;<\/p>\n\n\n\n<p>La tem\u00e1tica para la presentaci\u00f3n de cada uno de los proyectos es libre. Se recibieron por cada artista un m\u00e1ximo de tres obras materializadas a partir de enero del 2022 y no registradas en otros concursos.&nbsp;&nbsp;<\/p>\n\n\n\n<p>Para esta edici\u00f3n, los artistas seleccionados fueron un total de 60 y entre ellos se encuentran los seis ganadores que se premian este s\u00e1bado 9 de junio en el patio del Instituto de Artes Gr\u00e1ficas de Oaxaca.&nbsp;<\/p>\n\n\n\n<p>Para Burro Press es una cuesti\u00f3n de tradici\u00f3n y legado, \u201cen la ciudad tenemos muchas figuras, grandes artistas que han ubicado a Oaxaca en el mundo, desde el maestro Toledo, Tamayo, Rodolfo Nieto, ellos han hecho una funci\u00f3n muy importante para que se genere una atm\u00f3sfera en la ciudad de Oaxaca y todos los j\u00f3venes como nosotros, puedan tener la iniciativa o la idea de que pueden expresar sus ideas a trav\u00e9s de la gr\u00e1fica\u201d.&nbsp;<\/p>\n\n\n\n<p>El que este a\u00f1o se expongan los resultados finales en el Instituto de Artes Gr\u00e1ficas de Oaxaca, es un gran reconocimiento para este proyecto, \u201cpara los que participan y tambi\u00e9n para nosotros que convocamos este concurso, sobre todo porque el IAGO es un espacio que siempre ha estado abierto a los j\u00f3venes, no s\u00f3lo con la biblioteca, sino tambi\u00e9n con las salas de exhibiciones, es un sitio muy importante para poder mostrar la gr\u00e1fica, como sabemos es un lugar especializado en esta t\u00e9cnica, de ah\u00ed surgi\u00f3 la idea de buscar exponer aqu\u00ed\u201d.<\/p>\n\n\n\n<p>A pesar de los a\u00f1os complicados en el sector cultural, por la pandemia surgida en 2020, esta \u00faltima convocatoria tuvo una mayor participaci\u00f3n a las tres emisiones anteriores, \u201ccon los a\u00f1os ha ido aumentando el n\u00famero de participantes y en esta se han superado esos n\u00fameros, recibimos alrededor de seiscientas estampas de toda la rep\u00fablica, estamos muy contentos de que el concurso siga creciendo y el prop\u00f3sito es que se siga superando y con la exhibici\u00f3n aqu\u00ed en el IAGO creemos que ser\u00e1 un punto muy importante, por que en Oaxaca se est\u00e1n generando cosas importantes en cuanto a la gr\u00e1fica\u201d.<\/p>\n\n\n\n<p>Hazam jara, director del IAGO comparti\u00f3 que \u201ces importante resaltar que exposiciones colectivas como esta, dan la oportunidad a diferentes artistas, de diferentes edades y lugares de residencia, de mostrar parte de su trabajo, exponer a estos artistas en el IAGO refuerza el quehacer de la instituci\u00f3n como un espacio abierto a la difusi\u00f3n y promoci\u00f3n de la artes gr\u00e1ficas\u00bb.<\/p>\n","protected":false},"excerpt":{"rendered":"<p>Redacci\u00f3n\/Zona Roja. Oaxaca de Ju\u00e1rez, Oax., 9 de julio de 2022.- El concurso&nbsp;Mini Print surge&hellip;<\/p>\n","protected":false},"author":2,"featured_media":43317,"comment_status":"closed","ping_status":"open","sticky":false,"template":"","format":"standard","meta":{"_lmt_disableupdate":"","_lmt_disable":"","_jetpack_memberships_contains_paid_content":false,"footnotes":""},"categories":[109,46],"tags":[791],"class_list":["post-43316","post","type-post","status-publish","format-standard","has-post-thumbnail","hentry","category-minuto-a-minuto","category-zona-blanca","tag-instituto-de-artes-graficas-de-oaxaca"],"jetpack_featured_media_url":"https:\/\/zonaroja.com.mx\/wp-content\/uploads\/2022\/07\/concurso-mini-print-IAGO.jpg","jetpack_sharing_enabled":true,"_links":{"self":[{"href":"https:\/\/zonaroja.com.mx\/index.php?rest_route=\/wp\/v2\/posts\/43316","targetHints":{"allow":["GET"]}}],"collection":[{"href":"https:\/\/zonaroja.com.mx\/index.php?rest_route=\/wp\/v2\/posts"}],"about":[{"href":"https:\/\/zonaroja.com.mx\/index.php?rest_route=\/wp\/v2\/types\/post"}],"author":[{"embeddable":true,"href":"https:\/\/zonaroja.com.mx\/index.php?rest_route=\/wp\/v2\/users\/2"}],"replies":[{"embeddable":true,"href":"https:\/\/zonaroja.com.mx\/index.php?rest_route=%2Fwp%2Fv2%2Fcomments&post=43316"}],"version-history":[{"count":2,"href":"https:\/\/zonaroja.com.mx\/index.php?rest_route=\/wp\/v2\/posts\/43316\/revisions"}],"predecessor-version":[{"id":43319,"href":"https:\/\/zonaroja.com.mx\/index.php?rest_route=\/wp\/v2\/posts\/43316\/revisions\/43319"}],"wp:featuredmedia":[{"embeddable":true,"href":"https:\/\/zonaroja.com.mx\/index.php?rest_route=\/wp\/v2\/media\/43317"}],"wp:attachment":[{"href":"https:\/\/zonaroja.com.mx\/index.php?rest_route=%2Fwp%2Fv2%2Fmedia&parent=43316"}],"wp:term":[{"taxonomy":"category","embeddable":true,"href":"https:\/\/zonaroja.com.mx\/index.php?rest_route=%2Fwp%2Fv2%2Fcategories&post=43316"},{"taxonomy":"post_tag","embeddable":true,"href":"https:\/\/zonaroja.com.mx\/index.php?rest_route=%2Fwp%2Fv2%2Ftags&post=43316"}],"curies":[{"name":"wp","href":"https:\/\/api.w.org\/{rel}","templated":true}]}}