{"id":43321,"date":"2022-07-09T11:49:52","date_gmt":"2022-07-09T16:49:52","guid":{"rendered":"https:\/\/www.zonaroja.com.mx\/?p=43321"},"modified":"2022-07-09T11:49:53","modified_gmt":"2022-07-09T16:49:53","slug":"restringen-basurero-de-oaxaca-a-mas-de-20-municipios-de-la-zona-metropolitana-por-morosos","status":"publish","type":"post","link":"https:\/\/zonaroja.com.mx\/?p=43321","title":{"rendered":"Restringen basurero de Oaxaca a m\u00e1s de 20 municipios de la zona metropolitana, por morosos"},"content":{"rendered":"\n<p>Yuridiana Sosa\/Zona Roja.<\/p>\n\n\n\n<p>Oaxaca de Ju\u00e1rez, Oax., a 9 de julio de 2022.- Autoridades municipales de Oaxaca de Ju\u00e1rez y de la Villa de Zaachila acordaron el cierre del basurero municipal para la zona metropolitana para m\u00e1s de veinte ayuntamientos por falta de pagos, limitando el acceso a solo cinco municipios.&nbsp;<\/p>\n\n\n\n<p>Vecinos de Zaachila, afectados por la alta contaminaci\u00f3n que ha generado el sobrecupo del basurero de 45 a\u00f1os, antepusieron su decisi\u00f3n de dar paso a un pre-cierre de este lugar a partir&nbsp;del pr\u00f3ximo mi\u00e9rcoles&nbsp;13 de julio.<\/p>\n\n\n\n<p>As\u00ed ocurri\u00f3&nbsp;este viernes&nbsp;durante una reuni\u00f3n entre los presidentes de la capital Francisco Mart\u00ednez Neri, de Zaachila, Carlos Rigoberto Chac\u00f3n P\u00e9rez, y autoridades auxiliares de \u00e9ste \u00faltimo municipio.<\/p>\n\n\n\n<p>El acceso quedar\u00e1 limitado a los municipios de San Mart\u00edn Tilcajete, San Bartolo Coyotepec y San Agust\u00edn de las Juntas, quienes han contribuido de forma constante con el pago de su derecho de uso del basurero.&nbsp;<\/p>\n\n\n\n<p>Son m\u00e1s de 20 municipios de la zona metropolitana a la capital los que han omitido dichos pagos ante el ayuntamiento de Oaxaca de Ju\u00e1rez, due\u00f1o del predio del basurero ubicado en Zaachila, municipio que tambi\u00e9n continuar\u00e1 con el uso de este espacio.&nbsp;<\/p>\n\n\n\n<p>Entre los que se encuentran como omisos son los municipios de Santa Luc\u00eda del Camino y Santa Cruz Xoxocotl\u00e1n, de los m\u00e1s poblados de la zona conurbada y los que m\u00e1s generan basura. <\/p>\n\n\n\n<figure class=\"wp-block-embed\"><div class=\"wp-block-embed__wrapper\">\n<div class=\"twitter-tweet\"><blockquote class=\"twitter-tweet\" data-lang=\"es\"><p lang=\"es\" dir=\"ltr\"><a href=\"https:\/\/twitter.com\/hashtag\/%C3%9AltimoMinuto?src=hash&amp;ref_src=twsrc%5Etfw\">#\u00daltimoMinuto<\/a> <br>La tarde de este viernes hubo una r\u00edspida reuni\u00f3n entre el edil de Oaxaca de Ju\u00e1rez, <a href=\"https:\/\/twitter.com\/FMartinezNeri?ref_src=twsrc%5Etfw\">@FMartinezNeri<\/a>, y colonos de la agencia Vicente de Guerrero, que le comunicaron que el pr\u00f3ximo 13 de julio inicia el cierre del tiradero de basura municipal. <a href=\"https:\/\/t.co\/318Lr3n6o6\">pic.twitter.com\/318Lr3n6o6<\/a><\/p>&mdash; Zona Roja Oaxaca (@ZonaRoja_Oaxaca) <a href=\"https:\/\/twitter.com\/ZonaRoja_Oaxaca\/status\/1545615722130378755?ref_src=twsrc%5Etfw\">9 de julio de 2022<\/a><\/blockquote><\/div>\n<\/div><\/figure>\n\n\n\n<p>Para controlar el paso al basurero, vecinos de la zona oriente de Zaachila acordaron realizar guardias de seguridad para evitar el uso ilegal de los ayuntamientos morosos.<\/p>\n\n\n\n<p>IMPUSIERON L\u00cdMITES&nbsp;<\/p>\n\n\n\n<p>Fueron los mismos vecinos de la zona oriente de Zaachila los que llevaron la batuta del encuentro ante su inter\u00e9s de cerrar este lugar, lo cual hab\u00edan postergado por varios a\u00f1os.&nbsp;<\/p>\n\n\n\n<p>Durante el encuentro sentenciaron a su presidente municipal, Rigoberto Chac\u00f3n, que si \u00e9l no pon\u00eda l\u00edmites, o las autoridades de Oaxaca de Ju\u00e1rez, ellos como vecinos lo har\u00edan.<\/p>\n\n\n\n<p>Pues apunt\u00f3 que la extensi\u00f3n de vida de este lugar, que pas\u00f3 de 40 a 45 a\u00f1os, s\u00f3lo ha tra\u00eddo problemas a la zona donde m\u00e1s de 30 colonias se han asentado, con anuencia de autoridades, a su alrededor durante d\u00e9cadas. Por otra parte, Mart\u00ednez Neri trat\u00f3 de frenar la determinaci\u00f3n de los vecinos, sin \u00e9xito, y apunt\u00f3 que este es un tema que tambi\u00e9n expondr\u00e1n ante el nuevo gobernador de Oaxaca para que atienda el problema a la brevedad.<\/p>\n","protected":false},"excerpt":{"rendered":"<p>Yuridiana Sosa\/Zona Roja. Oaxaca de Ju\u00e1rez, Oax., a 9 de julio de 2022.- Autoridades municipales&hellip;<\/p>\n","protected":false},"author":2,"featured_media":43320,"comment_status":"closed","ping_status":"open","sticky":false,"template":"","format":"standard","meta":{"_lmt_disableupdate":"","_lmt_disable":"","_jetpack_memberships_contains_paid_content":false,"footnotes":""},"categories":[109,47],"tags":[],"class_list":["post-43321","post","type-post","status-publish","format-standard","has-post-thumbnail","hentry","category-minuto-a-minuto","category-zona-gris"],"jetpack_featured_media_url":"https:\/\/zonaroja.com.mx\/wp-content\/uploads\/2022\/07\/a781a0e9-a978-49b2-9256-b3c8127095e9.jpg","jetpack_sharing_enabled":true,"_links":{"self":[{"href":"https:\/\/zonaroja.com.mx\/index.php?rest_route=\/wp\/v2\/posts\/43321","targetHints":{"allow":["GET"]}}],"collection":[{"href":"https:\/\/zonaroja.com.mx\/index.php?rest_route=\/wp\/v2\/posts"}],"about":[{"href":"https:\/\/zonaroja.com.mx\/index.php?rest_route=\/wp\/v2\/types\/post"}],"author":[{"embeddable":true,"href":"https:\/\/zonaroja.com.mx\/index.php?rest_route=\/wp\/v2\/users\/2"}],"replies":[{"embeddable":true,"href":"https:\/\/zonaroja.com.mx\/index.php?rest_route=%2Fwp%2Fv2%2Fcomments&post=43321"}],"version-history":[{"count":1,"href":"https:\/\/zonaroja.com.mx\/index.php?rest_route=\/wp\/v2\/posts\/43321\/revisions"}],"predecessor-version":[{"id":43322,"href":"https:\/\/zonaroja.com.mx\/index.php?rest_route=\/wp\/v2\/posts\/43321\/revisions\/43322"}],"wp:featuredmedia":[{"embeddable":true,"href":"https:\/\/zonaroja.com.mx\/index.php?rest_route=\/wp\/v2\/media\/43320"}],"wp:attachment":[{"href":"https:\/\/zonaroja.com.mx\/index.php?rest_route=%2Fwp%2Fv2%2Fmedia&parent=43321"}],"wp:term":[{"taxonomy":"category","embeddable":true,"href":"https:\/\/zonaroja.com.mx\/index.php?rest_route=%2Fwp%2Fv2%2Fcategories&post=43321"},{"taxonomy":"post_tag","embeddable":true,"href":"https:\/\/zonaroja.com.mx\/index.php?rest_route=%2Fwp%2Fv2%2Ftags&post=43321"}],"curies":[{"name":"wp","href":"https:\/\/api.w.org\/{rel}","templated":true}]}}