{"id":43329,"date":"2022-07-09T20:43:09","date_gmt":"2022-07-10T01:43:09","guid":{"rendered":"http:\/\/www.zonaroja.com.mx\/?p=43329"},"modified":"2022-07-09T20:43:11","modified_gmt":"2022-07-10T01:43:11","slug":"tras-asalto-masivo-a-palacio-rehuye-y-renuncia-presidente-de-sri-lanka","status":"publish","type":"post","link":"https:\/\/zonaroja.com.mx\/?p=43329","title":{"rendered":"Tras asalto masivo a palacio, rehuye y renuncia presidente de Sri Lanka"},"content":{"rendered":"\n<p>Redacci\u00f3n\/Zona Roja Cdmx.<\/p>\n\n\n\n<p>Ciudad de M\u00e9xico, 9 de julio de 2022.- El presidente de Sri Lanka hizo saber este s\u00e1bado que renunciar\u00e1 el pr\u00f3ximo mi\u00e9rcoles, poco despu\u00e9s de que una multitud enardecida lo obligara a huir de su residencia, llevando a su paroxismo la crisis desencadenada por el hundimiento econ\u00f3mico del pa\u00eds.&nbsp;<\/p>\n\n\n\n<p>Cientos de miles de personas se congregaron desde la ma\u00f1ana en Colombo, la capital, para exigir que el mandatario, Gotabaya Rajapaksa, asumiese la responsabilidad por los desajustes financieros que arruinaron a este pa\u00eds isle\u00f1o de Asia meridional.&nbsp;<\/p>\n\n\n\n<p>Y varios centenares forzaron la entrada del palacio presidencial y obligaron a Rajapaksa a abandonar precipitadamente el lugar.&nbsp;<\/p>\n\n\n\n<p>Las redes sociales mostraron im\u00e1genes de los invasores deambulando por los salones del edificio de la \u00e9poca colonial brit\u00e1nica y a algunos refresc\u00e1ndose en la piscina del lugar.&nbsp;<\/p>\n\n\n\n<p>Para garantizar su evacuaci\u00f3n, los militares tuvieron que efectuar varios disparos al aire, manteniendo a raya a la muchedumbre.&nbsp;<\/p>\n\n\n\n<p>Poco despu\u00e9s, las oficinas del mandatario, en el distrito administrativo, tambi\u00e9n cayeron en manos de los manifestantes.&nbsp;<\/p>\n\n\n\n<p>Los manifestantes tambi\u00e9n atacaron e incendiaron la residencia privada del primer ministro, Ranil Wickremesinghe.&nbsp;<\/p>\n\n\n\n<p>Por la noche, el presidente del Parlamento anunci\u00f3 por televisi\u00f3n que, \u00abpara garantizar una transici\u00f3n pac\u00edfica, el presidente [Rajapaksa] dijo que presentar\u00eda su renuncia el 13 de julio\u00bb.&nbsp;<\/p>\n\n\n\n<p>El primer ministro Wickremesinghe, primero en la l\u00ednea de sucesi\u00f3n, convoc\u00f3 durante el d\u00eda una reuni\u00f3n de emergencia con l\u00edderes de otros partidos y se dijo dispuesto a dimitir para permitir la formaci\u00f3n de un gobierno de unidad nacional.&nbsp;<\/p>\n\n\n\n<p>MANIFESTACIONES<\/p>\n\n\n\n<p>Las manifestaciones de las \u00faltimas semanas para exigir la renuncia del gobierno han tenido una afluencia masiva.&nbsp;<\/p>\n\n\n\n<p>Rajapaksa es se\u00f1alado como principal responsable de la mayor crisis desde la independencia del pa\u00eds en 1948, que conjuga una inflaci\u00f3n galopante con una grave escasez de combustibles, electricidad y alimentos.&nbsp;<\/p>\n\n\n\n<p>La ONU estima que alrededor del 80% de los 22 millones de srilankeses se salta comidas.&nbsp;&nbsp;<\/p>\n\n\n\n<p>Seg\u00fan economistas, el colapso se debe a la pandemia de covid-19, que priv\u00f3 a la isla de las divisas del sector tur\u00edstico y se vio agravada por malas decisiones pol\u00edticas.&nbsp;<\/p>\n\n\n\n<p>En abril, Sri Lanka se declar\u00f3 en suspensi\u00f3n de pagos de su deuda p\u00fablica de 51 mil millones de d\u00f3lares e inici\u00f3 negociaciones de rescate financiero con el Fondo Monetario Internacional (FMI).&nbsp;<\/p>\n\n\n\n<p>Pero analistas temen que ese programa imponga aumentos de impuestos y atice la c\u00f3lera popular.&nbsp;<\/p>\n\n\n\n<p>LOS HERIDOS&nbsp;<\/p>\n\n\n\n<p>Seg\u00fan informes m\u00e9dicos, tres personas resultaron heridas de bala cuando las fuerzas de seguridad trataron de dispersar la protesta en el sector administrativo de Colombo y 36 recibieron tratamiento por los efectos de los gases lacrim\u00f3genos.&nbsp;<\/p>\n\n\n\n<p>El viernes, las fuerzas del orden impusieron un toque de queda en un intento de disuadir a los manifestantes de salir a la calle.&nbsp;&nbsp;<\/p>\n\n\n\n<p>Sin embargo, esta medida fue levantada despu\u00e9s de que los partidos de la oposici\u00f3n, los activistas de derechos humanos y el Colegio de Abogados amenazaron con demandar al jefe de la polic\u00eda.&nbsp;&nbsp;<\/p>\n\n\n\n<p>Seg\u00fan las autoridades, unos 20 mil soldados y polic\u00edas fueron enviados a Colombo para proteger al presidente&nbsp;<\/p>\n\n\n\n<p>De todos modos, el toque de queda fue ignorado y algunos manifestantes obligaron incluso a las autoridades ferroviarias a conducirlos en tren hasta Colombo para participar en la marcha.&nbsp;<\/p>\n\n\n\n<p>En mayo, nueve personas murieron y varios centenares resultaron heridas en los disturbios.&nbsp;<\/p>\n\n\n\n<p>(Informaci\u00f3n de \u201cExc\u00e9lsior\u201d)<\/p>\n","protected":false},"excerpt":{"rendered":"<p>Redacci\u00f3n\/Zona Roja Cdmx. Ciudad de M\u00e9xico, 9 de julio de 2022.- El presidente de Sri&hellip;<\/p>\n","protected":false},"author":2,"featured_media":43330,"comment_status":"closed","ping_status":"open","sticky":false,"template":"","format":"standard","meta":{"_lmt_disableupdate":"","_lmt_disable":"","_jetpack_memberships_contains_paid_content":false,"footnotes":""},"categories":[109,47],"tags":[],"class_list":["post-43329","post","type-post","status-publish","format-standard","has-post-thumbnail","hentry","category-minuto-a-minuto","category-zona-gris"],"jetpack_featured_media_url":"https:\/\/zonaroja.com.mx\/wp-content\/uploads\/2022\/07\/Asalto-palacio-Sri-Lanka.jpeg","jetpack_sharing_enabled":true,"_links":{"self":[{"href":"https:\/\/zonaroja.com.mx\/index.php?rest_route=\/wp\/v2\/posts\/43329","targetHints":{"allow":["GET"]}}],"collection":[{"href":"https:\/\/zonaroja.com.mx\/index.php?rest_route=\/wp\/v2\/posts"}],"about":[{"href":"https:\/\/zonaroja.com.mx\/index.php?rest_route=\/wp\/v2\/types\/post"}],"author":[{"embeddable":true,"href":"https:\/\/zonaroja.com.mx\/index.php?rest_route=\/wp\/v2\/users\/2"}],"replies":[{"embeddable":true,"href":"https:\/\/zonaroja.com.mx\/index.php?rest_route=%2Fwp%2Fv2%2Fcomments&post=43329"}],"version-history":[{"count":1,"href":"https:\/\/zonaroja.com.mx\/index.php?rest_route=\/wp\/v2\/posts\/43329\/revisions"}],"predecessor-version":[{"id":43331,"href":"https:\/\/zonaroja.com.mx\/index.php?rest_route=\/wp\/v2\/posts\/43329\/revisions\/43331"}],"wp:featuredmedia":[{"embeddable":true,"href":"https:\/\/zonaroja.com.mx\/index.php?rest_route=\/wp\/v2\/media\/43330"}],"wp:attachment":[{"href":"https:\/\/zonaroja.com.mx\/index.php?rest_route=%2Fwp%2Fv2%2Fmedia&parent=43329"}],"wp:term":[{"taxonomy":"category","embeddable":true,"href":"https:\/\/zonaroja.com.mx\/index.php?rest_route=%2Fwp%2Fv2%2Fcategories&post=43329"},{"taxonomy":"post_tag","embeddable":true,"href":"https:\/\/zonaroja.com.mx\/index.php?rest_route=%2Fwp%2Fv2%2Ftags&post=43329"}],"curies":[{"name":"wp","href":"https:\/\/api.w.org\/{rel}","templated":true}]}}