{"id":4333,"date":"2019-09-27T08:09:38","date_gmt":"2019-09-27T13:09:38","guid":{"rendered":"http:\/\/www.zonaroja.com.mx\/?p=4333"},"modified":"2019-09-27T08:09:40","modified_gmt":"2019-09-27T13:09:40","slug":"aprueba-congreso-exhorto-al-gobernador-para-cumplir-el-pacto-oaxaca","status":"publish","type":"post","link":"https:\/\/zonaroja.com.mx\/?p=4333","title":{"rendered":"Aprueba Congreso exhorto al gobernador para cumplir el Pacto Oaxaca"},"content":{"rendered":"\n<p>Redacci\u00f3n\/Zona\nRoja.<\/p>\n\n\n\n<p>Oaxaca de\nJu\u00e1rez, Oax., 27 de septiembre de 2019.- El pleno del Congreso del Estado\naprob\u00f3 un exhorto al gobernador de Oaxaca, Alejandro Murat Hinojosa, as\u00ed como a\nlas diferentes \u00e1reas de su administraci\u00f3n, para que a la brevedad inicien los\ntrabajos&nbsp; para hacer efectivo el&nbsp; Pacto Oaxaca, firmado el pasado 14 de agosto\ny que prev\u00e9 el desarrollo incluyente del sur-sureste y en especial de la\nentidad oaxaque\u00f1a.<\/p>\n\n\n\n<p>La\niniciativa fue propuesta por coordinadores de las fracciones parlamentarias de\nla 64 Legislatura, adem\u00e1s de varis diputados del Partido Morena y le\u00edda en\ntribuna el pasado mi\u00e9rcoles por el legislador de Partido del Trabajo, Cesar\nMorales Ni\u00f1o, presidente de la Mesa Directiva. <\/p>\n\n\n\n<p>En ella adem\u00e1s\nse solicita al mandatario estatal que, en su car\u00e1cter de Coordinador de la\nComisi\u00f3n Sur-Sureste de la Conferencia Nacional de Gobernadores (Conago),\nimpulse a los suscribientes para hacer realidad todo lo expuesto en el\ndocumento firmado por nueve gobernadores y el presidente de la Rep\u00fablica,\nAndr\u00e9s Manuel Lopez Obrador.<\/p>\n\n\n\n<p>De acuerdo\ncon lo expuesto en el documento el Pacto Oaxaca, es el proyecto m\u00e1s grande de\nla historia reciente del pa\u00eds, ya que busca conjuntar esfuerzos entre la\niniciativa privada y el sector p\u00fablico, para detonar el desarrollo de los\nestados de la regi\u00f3n sur-sureste.<\/p>\n\n\n\n<p>El mismo,\nque fue suscrito en Oaxaca, refiere una serie de compromisos para la\nintegraci\u00f3n de la Agenda Estrat\u00e9gica para el Desarrollo del Sur-Sureste que\nmediante el esfuerzo coordinado de gobiernos, empresarios, academia y sociedad\ncivil, en el corto, mediano y largo plazos, sea un detonante para el desarrollo\necon\u00f3mico y de la infraestructura de la regi\u00f3n.<\/p>\n\n\n\n<p>\u201cLa\nimportancia de los acuerdos asumidos por los suscribientes del pacto, radica en\nque se busca abatir la pobreza, la marginaci\u00f3n, el rezago, la desigualdad\nsocial, el desempleo y la falta de inversi\u00f3n, para generar desarrollo social\nque permita mejorar la econom\u00eda, el nivel de vida y el desarrollo de la zona\nsur- sureste\u201d, refiere el documento que se puso a consideraci\u00f3n recientemente\nal interior del Congreso local.<\/p>\n\n\n\n<p>Previo a su\naprobaci\u00f3n, Morales Ni\u00f1o hizo un llamado a sus compa\u00f1eras y compa\u00f1eros para\nque, sin importar las ideolog\u00edas partidistas, se unieran en el exhorto a las\nautoridades estatales, a fin de que a la brevedad posible se inicien los\ntrabajos y se vayan superando los obst\u00e1culos que han impedido el pronto\narranque del proyecto que beneficiar\u00e1 a la entidad oaxaque\u00f1a.<\/p>\n\n\n\n<p>\u201cEn este\nCongreso, privilegiamos el inter\u00e9s p\u00fablico y el inter\u00e9s social, sobre los\nintereses particulares o partidarios, por eso hemos suscrito pluralmente el\npunto de acuerdo referido, el cual presentamos como de urgente y obvia\nresoluci\u00f3n\u201d, indic\u00f3 en su propuesta.<\/p>\n\n\n\n<p>El exhorto\nfue aprobado y dirigido al titular del Poder Ejecutivo del Estado de Oaxaca,\npara que a su vez sean las \u00e1reas de Econom\u00eda, Finanzas, Infraestructuras y el\nOrdenamiento Territorial Sustentable; Medio Ambiente, Energ\u00edas y Desarrollo\nSustentable; Turismo; Desarrollo Agropecuario, Forestal y Pesca; Desarrollo\nSocial y Humano; Seguridad P\u00fablica y de Administraci\u00f3n, as\u00ed como el Instituto\nEstatal de Educaci\u00f3n P\u00fablica de Oaxaca, quienes inicien a la brevedad las\nacciones para dar cumplimento al Pacto Oaxaca.<\/p>\n","protected":false},"excerpt":{"rendered":"<p>Redacci\u00f3n\/Zona Roja. Oaxaca de Ju\u00e1rez, Oax., 27 de septiembre de 2019.- El pleno del Congreso&hellip;<\/p>\n","protected":false},"author":2,"featured_media":4334,"comment_status":"closed","ping_status":"open","sticky":false,"template":"","format":"standard","meta":{"_lmt_disableupdate":"","_lmt_disable":"","_jetpack_memberships_contains_paid_content":false,"footnotes":""},"categories":[109,47],"tags":[213,612],"class_list":["post-4333","post","type-post","status-publish","format-standard","has-post-thumbnail","hentry","category-minuto-a-minuto","category-zona-gris","tag-64-legislatura-de-oaxaca","tag-cesar-morales-nino"],"jetpack_featured_media_url":"https:\/\/zonaroja.com.mx\/wp-content\/uploads\/2019\/09\/C\u00e9sar-Morales-N.jpg","jetpack_sharing_enabled":true,"_links":{"self":[{"href":"https:\/\/zonaroja.com.mx\/index.php?rest_route=\/wp\/v2\/posts\/4333","targetHints":{"allow":["GET"]}}],"collection":[{"href":"https:\/\/zonaroja.com.mx\/index.php?rest_route=\/wp\/v2\/posts"}],"about":[{"href":"https:\/\/zonaroja.com.mx\/index.php?rest_route=\/wp\/v2\/types\/post"}],"author":[{"embeddable":true,"href":"https:\/\/zonaroja.com.mx\/index.php?rest_route=\/wp\/v2\/users\/2"}],"replies":[{"embeddable":true,"href":"https:\/\/zonaroja.com.mx\/index.php?rest_route=%2Fwp%2Fv2%2Fcomments&post=4333"}],"version-history":[{"count":1,"href":"https:\/\/zonaroja.com.mx\/index.php?rest_route=\/wp\/v2\/posts\/4333\/revisions"}],"predecessor-version":[{"id":4335,"href":"https:\/\/zonaroja.com.mx\/index.php?rest_route=\/wp\/v2\/posts\/4333\/revisions\/4335"}],"wp:featuredmedia":[{"embeddable":true,"href":"https:\/\/zonaroja.com.mx\/index.php?rest_route=\/wp\/v2\/media\/4334"}],"wp:attachment":[{"href":"https:\/\/zonaroja.com.mx\/index.php?rest_route=%2Fwp%2Fv2%2Fmedia&parent=4333"}],"wp:term":[{"taxonomy":"category","embeddable":true,"href":"https:\/\/zonaroja.com.mx\/index.php?rest_route=%2Fwp%2Fv2%2Fcategories&post=4333"},{"taxonomy":"post_tag","embeddable":true,"href":"https:\/\/zonaroja.com.mx\/index.php?rest_route=%2Fwp%2Fv2%2Ftags&post=4333"}],"curies":[{"name":"wp","href":"https:\/\/api.w.org\/{rel}","templated":true}]}}